{"id":4238,"date":"2018-12-09T12:36:31","date_gmt":"2018-12-09T16:36:31","guid":{"rendered":"https:\/\/ciudadliberal.cl\/?p=4238"},"modified":"2018-12-09T13:05:02","modified_gmt":"2018-12-09T17:05:02","slug":"camara-fija-sesion-especial-para-el-martes-11-por-interpelacion-a-ministro-andres-chadwick","status":"publish","type":"post","link":"https:\/\/ciudadliberal.cl\/?p=4238","title":{"rendered":"C\u00e1mara fija sesi\u00f3n especial para el martes 11 por interpelaci\u00f3n a Ministro Andr\u00e9s Chadwick"},"content":{"rendered":"<p>El objetivo del acto es consultar al Secretario de Estado sobre las acciones relativas al ejercicio de su cargo en lo referente a los hechos anteriores, coet\u00e1neos y posteriores al 14 de noviembre de 2018, en Ercilla, regi\u00f3n de La Araucan\u00eda, donde fue asesinado Camilo Catrillanca.<\/p>\n<p>Conforme a los plazos establecidos previamente y a los requerimientos constitucionales y reglamentarios, se fij\u00f3 para\u00a0<b>este martes 11 de diciembre de 2018, a partir de las 16:00 horas, la convocatoria de sesi\u00f3n especial de la C\u00e1mara de Diputados con el objeto de dar cumplimiento al procedimiento de consulta al Ministro del Interior y Seguridad P\u00fablica, Andr\u00e9s Chadwick<\/b>.<\/p>\n<p>Para los efectos de esta sesi\u00f3n se utilizar\u00e1 el siguiente procedimiento:<\/p>\n<p>El diputado designado para interrogar al ministro formular\u00e1 las preguntas de una en una, pudiendo referirse a los antecedentes que justifican su formulaci\u00f3n en un t\u00e9rmino de hasta dos minutos por cada una de ellas.<\/p>\n<p>El ministro deber\u00e1 responder las preguntas una a una inmediatamente despu\u00e9s de formuladas, en forma sucesiva y durante un lapso no superior a tres minutos por cada una.<\/p>\n<p>El diputado designado para formular la pregunta tendr\u00e1 derecho a pedir de inmediato aclaraciones sobre la respuesta, por un tiempo no mayor a un minuto.<\/p>\n<p>El ministro responder\u00e1 a la solicitud de aclaraci\u00f3n por un t\u00e9rmino no superior a dos minutos.<\/p>\n<p>Con todo, si el diputado que formula las preguntas no queda conforme con la aclaraci\u00f3n, dispondr\u00e1 de treinta segundos para solicitar una nueva aclaraci\u00f3n. El mismo tiempo tendr\u00e1 el ministro para responder.<\/p>\n<p>Concluidas todas las preguntas y aclaraciones y entregadas por el ministro las respuestas a las interrogantes planteadas, los jefes de las distintas bancadas o aquellos a quienes estos designen dispondr\u00e1n de hasta cinco minutos, cada uno, para hacer precisiones sobre la materia de la convocatoria o para pronunciarse sobre el proyecto de acuerdo o petici\u00f3n de antecedentes que eventualmente se presenten.<\/p>\n<p>En esta instancia, la bancada a la que pertenezca el diputado nominado para formular las interrogantes ser\u00e1 la \u00faltima en formular sus precisiones. Por su parte, el ministro dispondr\u00e1 de un total de cinco minutos para hacer sus comentarios.<\/p>\n<p><u><b>Datos de la solicitud de interpelaci\u00f3n<\/b><\/u><\/p>\n<p>La solicitud de interpelaci\u00f3n al Ministro Chadwick fue solicitada por 67 diputadas\/os y ratificada por la Sala de la Corporaci\u00f3n el pasado 21 de noviembre, oportunidad en que se adelant\u00f3 en que la convocatoria se verificar\u00eda este martes 11 de diciembre.<\/p>\n<p>De acuerdo al texto proporcionado por los solicitantes, el objetivo del acto ser\u00e1 formularle preguntas al Secretario de Estado relativas al ejercicio de su cargo en lo referente a los hechos anteriores, coet\u00e1neos y posteriores al 14 de noviembre de 2018, en el sector de Temucuicui, en la comuna de Ercilla, en la regi\u00f3n de la Araucan\u00eda, donde fue asesinado el joven mapuche Camilo Catrillanca.<\/p>\n<p>Se espera, asimismo, consultar por las circunstancias que rodearon el asesinato de Catrillanca y la intervenci\u00f3n de efectivos policiales, as\u00ed como las acciones realizadas por las autoridades pol\u00edticas, especialmente, aquellas llevadas a cabo por el exintendente Luis Mayol.<\/p>\n<p>Adem\u00e1s, se espera recibir un diagn\u00f3stico sobre los actos de la administraci\u00f3n del Estado y cualquier otro antecedente que justificaron la autorizaci\u00f3n para las actuaciones de las unidades de Carabineros de Chile desplegadas en la Macrozona Sur, en particular, del denominado \u00abComando Jungla\u00bb. En este \u00faltimo caso, se busca conocer los protocolos de operaci\u00f3n, formas de financiamiento y actos administrativos relacionados a la formaci\u00f3n y adquisici\u00f3n de equipamiento para las referidas unidades policiales.<\/p>\n<p>A seguir, se suman al listado de temas la pol\u00edtica de seguridad p\u00fablica para La Araucan\u00eda y el respeto a los derechos humanos; las actuaciones del Ministerio del Interior y de Carabineros de Chile en estos hechos, con foco en los antecedentes que justificaron el uso de la fuerza, los procedimientos instruidos y las sanciones aplicadas.<\/p>\n<p>Por \u00faltimo, se consultar\u00e1 sobre la situaci\u00f3n de vulneraci\u00f3n de los derechos de los ni\u00f1os, ni\u00f1as y adolescentes en La Araucan\u00eda, relacionados a procedimientos policiales; las pol\u00edticas p\u00fablicas para el pueblo Mapuche; y el tema del reconocimiento de derechos territoriales, autonom\u00eda, autogobierno, derechos pol\u00edticos, representaci\u00f3n e implementaci\u00f3n del Convenio OIT 169.<\/p>\n<p>Fuente: <a href=\"https:\/\/www.camara.cl\/prensa\/noticias_detalle.aspx?prmid=135785\">C\u00e1mara de Diputados<\/a><\/p>\n","protected":false},"excerpt":{"rendered":"<p>El objetivo del acto es consultar al Secretario de Estado sobre las acciones relativas al ejercicio de su cargo en lo referente a los hechos anteriores, coet\u00e1neos y posteriores al 14 de noviembre de 2018, en Ercilla, regi\u00f3n de La Araucan\u00eda, donde fue asesinado Camilo Catrillanca. Conforme a los plazos establecidos previamente y a los [&hellip;]<\/p>\n","protected":false},"author":1,"featured_media":4090,"comment_status":"closed","ping_status":"closed","sticky":false,"template":"","format":"standard","meta":{"footnotes":""},"categories":[184,16,2],"tags":[],"class_list":["post-4238","post","type-post","status-publish","format-standard","has-post-thumbnail","hentry","category-derechos-humanos","category-internet","category-portada"],"_links":{"self":[{"href":"https:\/\/ciudadliberal.cl\/index.php?rest_route=\/wp\/v2\/posts\/4238","targetHints":{"allow":["GET"]}}],"collection":[{"href":"https:\/\/ciudadliberal.cl\/index.php?rest_route=\/wp\/v2\/posts"}],"about":[{"href":"https:\/\/ciudadliberal.cl\/index.php?rest_route=\/wp\/v2\/types\/post"}],"author":[{"embeddable":true,"href":"https:\/\/ciudadliberal.cl\/index.php?rest_route=\/wp\/v2\/users\/1"}],"replies":[{"embeddable":true,"href":"https:\/\/ciudadliberal.cl\/index.php?rest_route=%2Fwp%2Fv2%2Fcomments&post=4238"}],"version-history":[{"count":2,"href":"https:\/\/ciudadliberal.cl\/index.php?rest_route=\/wp\/v2\/posts\/4238\/revisions"}],"predecessor-version":[{"id":4244,"href":"https:\/\/ciudadliberal.cl\/index.php?rest_route=\/wp\/v2\/posts\/4238\/revisions\/4244"}],"wp:featuredmedia":[{"embeddable":true,"href":"https:\/\/ciudadliberal.cl\/index.php?rest_route=\/wp\/v2\/media\/4090"}],"wp:attachment":[{"href":"https:\/\/ciudadliberal.cl\/index.php?rest_route=%2Fwp%2Fv2%2Fmedia&parent=4238"}],"wp:term":[{"taxonomy":"category","embeddable":true,"href":"https:\/\/ciudadliberal.cl\/index.php?rest_route=%2Fwp%2Fv2%2Fcategories&post=4238"},{"taxonomy":"post_tag","embeddable":true,"href":"https:\/\/ciudadliberal.cl\/index.php?rest_route=%2Fwp%2Fv2%2Ftags&post=4238"}],"curies":[{"name":"wp","href":"https:\/\/api.w.org\/{rel}","templated":true}]}}