{"id":4083,"date":"2018-11-22T08:24:17","date_gmt":"2018-11-22T12:24:17","guid":{"rendered":"https:\/\/ciudadliberal.cl\/?p=4083"},"modified":"2018-11-22T08:24:17","modified_gmt":"2018-11-22T12:24:17","slug":"general-director-de-carabineros-expuso-ante-diputados-por-muerte-de-comunero-camilo-catrillanca","status":"publish","type":"post","link":"https:\/\/ciudadliberal.cl\/?p=4083","title":{"rendered":"General Director de Carabineros expuso ante diputados por muerte de comunero Camilo Catrillanca"},"content":{"rendered":"<p>En una intensa sesi\u00f3n, Hermes Soto abord\u00f3 los procedimientos ejecutados en la regi\u00f3n de La Araucan\u00eda y las acciones adoptadas con el personal que destruy\u00f3 el registro en video del cuestionado operativo.<\/p>\n<p>La\u00a0<a href=\"http:\/\/www.camara.cl\/trabajamos\/comision_portada.aspx?prmID=493\" target=\"_blank\" rel=\"noopener\">Comisi\u00f3n de Seguridad Ciudadana<\/a>\u00a0de la C\u00e1mara de Diputados recibi\u00f3 al General Director de Carabineros, Hermes Soto, con el objeto de analizar las circunstancias de la muerte del comunero Camilo Catrillanca, ocurrida en el marco de un operativo policial desarrollado la semana pasada en la comunidad de Temucuicui, provincia de Malleco, en la regi\u00f3n de La Araucan\u00eda.<\/p>\n<p>En la oportunidad, el alto oficial abord\u00f3 el procedimiento desarrollado por el hasta ahora signado \u201cComando Jungla\u201d, grupo cuya participaci\u00f3n fue desmentida en la sesi\u00f3n por el General Soto. Adem\u00e1s, relat\u00f3 las acciones adoptadas con el personal que destruy\u00f3 el registro en video del cuestionado operativo.<\/p>\n<p>Ante la instancia, el General Soto hizo un relato de los hechos acontecidos y de la forma en la que se enter\u00f3 de los mismos, confirmando que se tomaron medidas inmediatas luego de que el carabinero que grab\u00f3 el video reconociera la destrucci\u00f3n de la tarjeta de memoria de la c\u00e1mara con la que se capt\u00f3 el procedimiento.<\/p>\n<p>\u201cEl funcionario que incurre en sacar el elemento de la c\u00e1mara y destruirlo lo hace de forma inadecuada y, por lo tanto, tiene que responder ante los tribunales\u201d, se\u00f1al\u00f3 el alto mando.<\/p>\n<p>En ese contexto, el General Director relat\u00f3 que uno de los funcionarios involucrados en el incidente reconoci\u00f3 que destruy\u00f3 la tarjeta de memoria, con el objeto de eliminar im\u00e1genes \u00edntimas con su pareja, las que hab\u00eda grabado con la misma c\u00e1mara, hecho que la instituci\u00f3n no va a aceptar y que motiv\u00f3 la baja inmediata del uniformado, quien ahora tendr\u00e1 que aclarar esta situaci\u00f3n ante el Ministerio P\u00fablico.<\/p>\n<p>El presidente de la Comisi\u00f3n, diputado\u00a0<a href=\"http:\/\/www.camara.cl\/camara\/diputado_detalle.aspx?prmid=982\" target=\"_blank\" rel=\"noopener\">Iv\u00e1n Flores<\/a>\u00a0(DC), se refiri\u00f3 a dos puntos que considera relevantes en este caso y se\u00f1al\u00f3 que \u201cChile ya no aguanta m\u00e1s mentiras\u201d. \u201cNecesitamos recuperar la credibilidad y la confianza en que cada funcionario es un ministro de fe\u201d, indic\u00f3.<\/p>\n<p>Asimismo, el parlamentario dijo creer en las palabras del alto mando de Carabineros, debido a que es urgente aclarar las situaciones institucionales. \u201cEl caso que ha ocurrido en la comunidad de Temucuicui es triste, es lamentable, pero necesitamos darle la oportunidad a Carabineros\u201d, acot\u00f3.<\/p>\n<p>El diputado\u00a0<a href=\"http:\/\/www.camara.cl\/camara\/diputado_detalle.aspx?prmid=1009\" target=\"_blank\" rel=\"noopener\">Jorge Alessandri<\/a>\u00a0(UDI), por su parte, valor\u00f3 la exposici\u00f3n del General Soto y reiter\u00f3 que no hab\u00eda ning\u00fan carabinero con el curso Jungla en este operativo, tal como lo se\u00f1al\u00f3 el alto mando de la instituci\u00f3n.<\/p>\n<p>Posteriormente, preguntado por la declaraci\u00f3n del adolescente de 15 a\u00f1os que acompa\u00f1aba a Catrillanca, el legislador sostuvo que \u201cno est\u00e1 en duda si al comunero lo mato una bala de Carabineros o no, sino que, si eso fue leg\u00edtima defensa, en un fuego cruzado, o un asesinato deliberado\u201d.<\/p>\n<p>Cabe recordar que el pasado lunes el General Soto hab\u00eda concurrido junto al Ministro del Interior, Andr\u00e9s Chadwick, a la sesi\u00f3n de las comisiones unidas de Derechos Humanos y Seguridad Ciudadana, oportunidad en la que este \u00faltimo expuso sobre el tema ante los legisladores.<\/p>\n<p>Fuente: <a href=\"https:\/\/www.camara.cl\/prensa\/noticias_detalle.aspx?prmid=135658\">C\u00e1mara de Diputados<\/a><\/p>\n","protected":false},"excerpt":{"rendered":"<p>En una intensa sesi\u00f3n, Hermes Soto abord\u00f3 los procedimientos ejecutados en la regi\u00f3n de La Araucan\u00eda y las acciones adoptadas con el personal que destruy\u00f3 el registro en video del cuestionado operativo. La\u00a0Comisi\u00f3n de Seguridad Ciudadana\u00a0de la C\u00e1mara de Diputados recibi\u00f3 al General Director de Carabineros, Hermes Soto, con el objeto de analizar las circunstancias [&hellip;]<\/p>\n","protected":false},"author":1,"featured_media":4084,"comment_status":"closed","ping_status":"closed","sticky":false,"template":"","format":"standard","meta":{"footnotes":""},"categories":[16,2],"tags":[],"class_list":["post-4083","post","type-post","status-publish","format-standard","has-post-thumbnail","hentry","category-internet","category-portada"],"_links":{"self":[{"href":"https:\/\/ciudadliberal.cl\/index.php?rest_route=\/wp\/v2\/posts\/4083","targetHints":{"allow":["GET"]}}],"collection":[{"href":"https:\/\/ciudadliberal.cl\/index.php?rest_route=\/wp\/v2\/posts"}],"about":[{"href":"https:\/\/ciudadliberal.cl\/index.php?rest_route=\/wp\/v2\/types\/post"}],"author":[{"embeddable":true,"href":"https:\/\/ciudadliberal.cl\/index.php?rest_route=\/wp\/v2\/users\/1"}],"replies":[{"embeddable":true,"href":"https:\/\/ciudadliberal.cl\/index.php?rest_route=%2Fwp%2Fv2%2Fcomments&post=4083"}],"version-history":[{"count":1,"href":"https:\/\/ciudadliberal.cl\/index.php?rest_route=\/wp\/v2\/posts\/4083\/revisions"}],"predecessor-version":[{"id":4085,"href":"https:\/\/ciudadliberal.cl\/index.php?rest_route=\/wp\/v2\/posts\/4083\/revisions\/4085"}],"wp:featuredmedia":[{"embeddable":true,"href":"https:\/\/ciudadliberal.cl\/index.php?rest_route=\/wp\/v2\/media\/4084"}],"wp:attachment":[{"href":"https:\/\/ciudadliberal.cl\/index.php?rest_route=%2Fwp%2Fv2%2Fmedia&parent=4083"}],"wp:term":[{"taxonomy":"category","embeddable":true,"href":"https:\/\/ciudadliberal.cl\/index.php?rest_route=%2Fwp%2Fv2%2Fcategories&post=4083"},{"taxonomy":"post_tag","embeddable":true,"href":"https:\/\/ciudadliberal.cl\/index.php?rest_route=%2Fwp%2Fv2%2Ftags&post=4083"}],"curies":[{"name":"wp","href":"https:\/\/api.w.org\/{rel}","templated":true}]}}