{"id":4075,"date":"2018-11-21T09:31:14","date_gmt":"2018-11-21T13:31:14","guid":{"rendered":"https:\/\/ciudadliberal.cl\/?p=4075"},"modified":"2018-11-21T09:34:47","modified_gmt":"2018-11-21T13:34:47","slug":"trudeau-podria-aceptar-proyecto-para-llevar-a-migrantes-de-la-caravana-a-su-pais-dice-arzobispo-de-canada","status":"publish","type":"post","link":"https:\/\/ciudadliberal.cl\/?p=4075","title":{"rendered":"Trudeau podr\u00eda aceptar proyecto para llevar a migrantes de la caravana a su pa\u00eds, dice Arzobispo de Canad\u00e1"},"content":{"rendered":"<p>El arzobispo canadiense Leonardo Marin Saavedra dijo que no se trata de \u201cnegociar con nadie\u201d sino de mostrar una realidad tanto al Gobierno de Canad\u00e1 como a los migrantes de que este \u00e9xodo de personas es una emergencia.<br \/>\nEste mi\u00e9rcoles se reunir\u00e1 con el sacerdote y activista Alejandro Solalinde, cercano al Presidente electo de M\u00e9xico, Andr\u00e9s Manuel L\u00f3pez Obrador, para buscar ayudar a los centroamericanos.<\/p>\n<p>El\u00a0<strong>arzobispo canadiense Leonardo Marin Saavedra<\/strong>\u00a0dijo hoy en M\u00e9xico que su proyecto de llevar integrantes de la\u00a0<strong>caravana migrante<\/strong>\u00a0de centroamericanos a su pa\u00eds puede contar con la anuencia del primer ministro\u00a0<strong>Justin Trudeau<\/strong>.<\/p>\n<p>\u201cNo sabemos si Canad\u00e1 diga que no, pero creo que Trudeau va a decir que s\u00ed. Es una idea, es un proyecto que puede prosperar, pero es parte de un proceso y ahora mismo no es una realidad\u201d, apunt\u00f3 el arzobispo en Tijuana, donde se reagrupa la caravana de migrantes que sali\u00f3 hace un mes de Honduras.<\/p>\n<p>Marin Saavedra explic\u00f3 que el plan que mandar\u00e1 en una semana al Gobierno canadiense contempla \u201ccrear un puente a\u00e9reo M\u00e9xico-Canad\u00e1, un traslado en barco hasta Vancouver o pedir permiso a Estados Unidos para cruzar v\u00eda terrestre en autobuses\u201d.<\/p>\n<p>Explic\u00f3 que por el momento los migrantes tienen que esperar en M\u00e9xico al menos unos cuatro meses \u201cporque las condiciones clim\u00e1ticas en\u00a0<strong>Canad\u00e1<\/strong>\u00a0por el invierno son muy severas\u201d.<\/p>\n<p>Asimismo se debe saber qu\u00e9 personas quieren reiniciar su vida en\u00a0<strong>Canad\u00e1<\/strong>, porque muchos tiene familia en Estados Unidos y su intenci\u00f3n es reunirse con ellos.<\/p>\n<p>El\u00a0<strong>arzobispo<\/strong>\u00a0dijo que no se trata de \u201cnegociar con nadie\u201d sino de mostrar una realidad tanto al Gobierno de\u00a0<strong>Canad\u00e1<\/strong>\u00a0como a los migrantes de que este \u00e9xodo de personas es una emergencia en la cual pueden ayudar.<\/p>\n<p>Marin Saavedra indic\u00f3 que\u00a0<strong>Canad\u00e1<\/strong>\u00a0tiene la capacidad para recibir a millones de migrantes y mencion\u00f3 que hay otros pa\u00edses en el mundo como Suecia, Noruega, Nueva Zelanda y Australia que pueden recibir a migrantes.<\/p>\n<p>Record\u00f3 que\u00a0<strong>Canad\u00e1<\/strong>\u00a0recibi\u00f3 en los \u00faltimos a\u00f1os, en Vancouver, a unas 35 mil personas provenientes de Siria.<\/p>\n<p>Anticip\u00f3 que el mi\u00e9rcoles se reunir\u00e1 con el sacerdote y activista Alejandro Solalinde, cercano al pr\u00f3ximo presidente de M\u00e9xico, Andr\u00e9s Manuel L\u00f3pez Obrador, para buscar ayudar a los centroamericanos.<\/p>\n<p>La\u00a0<strong>caravana<\/strong>\u00a0est\u00e1 a la espera de reagruparse para formar nuevamente el grupo de 5 mil migrantes que entr\u00f3 a M\u00e9xico el 19 de octubre para tomar una decisi\u00f3n sobre su futuro, si piden asilo pol\u00edtico en Estados Unidos o refugio en M\u00e9xico.<\/p>\n<p>Otros grupos permanecen disgregados por territorio mexicano en la ciudades de Mexicali, cercana a Tijuana, y Ciudad de M\u00e9xico adem\u00e1s de los que pidieron asilo en Tapachula, Chiapas.<\/p>\n<p><a href=\"https:\/\/www.sinembargo.mx\/19-11-2018\/3500044\">Fuente<\/a><\/p>\n","protected":false},"excerpt":{"rendered":"<p>El arzobispo canadiense Leonardo Marin Saavedra dijo que no se trata de \u201cnegociar con nadie\u201d sino de mostrar una realidad tanto al Gobierno de Canad\u00e1 como a los migrantes de que este \u00e9xodo de personas es una emergencia. Este mi\u00e9rcoles se reunir\u00e1 con el sacerdote y activista Alejandro Solalinde, cercano al Presidente electo de M\u00e9xico, [&hellip;]<\/p>\n","protected":false},"author":1,"featured_media":4076,"comment_status":"closed","ping_status":"closed","sticky":false,"template":"","format":"standard","meta":{"footnotes":""},"categories":[14,2],"tags":[],"class_list":["post-4075","post","type-post","status-publish","format-standard","has-post-thumbnail","hentry","category-entertainment","category-portada"],"_links":{"self":[{"href":"https:\/\/ciudadliberal.cl\/index.php?rest_route=\/wp\/v2\/posts\/4075","targetHints":{"allow":["GET"]}}],"collection":[{"href":"https:\/\/ciudadliberal.cl\/index.php?rest_route=\/wp\/v2\/posts"}],"about":[{"href":"https:\/\/ciudadliberal.cl\/index.php?rest_route=\/wp\/v2\/types\/post"}],"author":[{"embeddable":true,"href":"https:\/\/ciudadliberal.cl\/index.php?rest_route=\/wp\/v2\/users\/1"}],"replies":[{"embeddable":true,"href":"https:\/\/ciudadliberal.cl\/index.php?rest_route=%2Fwp%2Fv2%2Fcomments&post=4075"}],"version-history":[{"count":3,"href":"https:\/\/ciudadliberal.cl\/index.php?rest_route=\/wp\/v2\/posts\/4075\/revisions"}],"predecessor-version":[{"id":4079,"href":"https:\/\/ciudadliberal.cl\/index.php?rest_route=\/wp\/v2\/posts\/4075\/revisions\/4079"}],"wp:featuredmedia":[{"embeddable":true,"href":"https:\/\/ciudadliberal.cl\/index.php?rest_route=\/wp\/v2\/media\/4076"}],"wp:attachment":[{"href":"https:\/\/ciudadliberal.cl\/index.php?rest_route=%2Fwp%2Fv2%2Fmedia&parent=4075"}],"wp:term":[{"taxonomy":"category","embeddable":true,"href":"https:\/\/ciudadliberal.cl\/index.php?rest_route=%2Fwp%2Fv2%2Fcategories&post=4075"},{"taxonomy":"post_tag","embeddable":true,"href":"https:\/\/ciudadliberal.cl\/index.php?rest_route=%2Fwp%2Fv2%2Ftags&post=4075"}],"curies":[{"name":"wp","href":"https:\/\/api.w.org\/{rel}","templated":true}]}}