{"id":4025,"date":"2018-11-15T06:46:24","date_gmt":"2018-11-15T10:46:24","guid":{"rendered":"https:\/\/ciudadliberal.cl\/?p=4025"},"modified":"2018-11-15T06:47:06","modified_gmt":"2018-11-15T10:47:06","slug":"cientificos-artistas-escritores-y-filosofos-piensan-a-bolsonaro","status":"publish","type":"post","link":"https:\/\/ciudadliberal.cl\/?p=4025","title":{"rendered":"Cient\u00edficos, artistas, escritores y fil\u00f3sofos piensan a Bolsonaro"},"content":{"rendered":"<p><strong>La llegada al poder del l\u00edder ultra brasile\u00f1o cruza los debates en el festival cultural Puerto de Ideas en Valpara\u00edso, Chile.<\/strong><\/p>\n<p>Desde el arte, la ciencia, la literatura y la filosof\u00eda se intenta encontrar una explicaci\u00f3n para\u00a0fen\u00f3menos pol\u00edticos como el de Jair Bolsonaro en Brasil.\u00a0Fue lo que qued\u00f3 en evidencia el pasado fin de semana en la ciudad chilena de Valpara\u00edso, donde se celebr\u00f3\u00a0Puerto de Ideas, uno de los encuentros culturales m\u00e1s importantes de la regi\u00f3n. El festival convoc\u00f3 a m\u00e1s de 27.000 personas en torno a una cincuentena de actividades de diferentes \u00e1mbitos del conocimiento \u2013con exponentes como\u00a0el soci\u00f3logo franc\u00e9s Gilles Lipovetsky\u00a0o\u00a0el escritor venezolano Alberto Barrera Tyszka\u2013, pero la reflexi\u00f3n estuvo cruzada por los procesos electorales que han sorprendido en los \u00faltimos meses a nivel global.<\/p>\n<p>A prop\u00f3sito del triunfo de la derecha extrema en Brasil y de lo que pueda ocurrir en las elecciones europeas en 2019,\u00a0el fil\u00f3sofo espa\u00f1ol Daniel Innerarity\u00a0dec\u00eda que \u201cnos estamos preguntando continuamente: \u00bfcu\u00e1l es la nueva sorpresa que nos deparar\u00e1 la gente, el electorado, en un sistema en el que nuestros mecanismos de proyecci\u00f3n del comportamiento de los grupos sociales est\u00e1n fallando estrepitosamente?\u201d.<\/p>\n<p>En su charla\u00a0<em>La pol\u00edtica en la era de la incertidumbre<\/em>\u00a0\u2013una presentaci\u00f3n de su \u00faltimo libro\u00a0<em>Pol\u00edtica para perplejos<\/em>\u2013, Innerarity apuntaba a la importancia de interpretar bien la realidad: \u201cLo m\u00e1s revolucionario y lo m\u00e1s transformador ser\u00eda una buena teor\u00eda. En este momento, en que hay mucha energ\u00eda personal y colectiva perdida en cuestiones que no merecen la pena, hagamos un esfuerzo de comprensi\u00f3n de lo que est\u00e1 pasando\u201d. El fil\u00f3sofo pol\u00edtico hablaba de no fiarse demasiado de los pron\u00f3sticos, de no minusvalorar aquello que se aborrece y de \u201cla necesidad de nuevos conceptos para entender la sociedad\u201d. \u201cTenemos unos conceptos muy anticuados y manoseados. El concepto de derecha-izquierda, de clase social, el t\u00e9rmino establishmet. \u00bfQu\u00e9 significa el t\u00e9rmino establishment cuando en las elecciones que gan\u00f3 Macron en Francia hab\u00eda seis candidatos, todos llevaban muchos a\u00f1os en pol\u00edtica y todos se presentaban a s\u00ed mismos como contrarios al establishmet?\u201d. Algo parecido, se\u00f1al\u00f3 Innerarity, puede pasar con el populismo: \u201cUna palabra que ocupamos para designar aquello que no nos gusta. Los populistas son los otros. Todos, menos yo\u201d.<\/p>\n<p>La\u00a0psicoanalista chilena Constanza Michelson, que particip\u00f3 en la mesa redonda titulada\u00a0<em>Correcci\u00f3n pol\u00edtica, contradicciones de las buenas intenciones<\/em>, relata que en la versi\u00f3n 2017 del festival Puerto de Ideas, \u201cel debate estaba centrado en la idea de posverdad\u00a0tras el triunfo de Trump\u201d. \u201c<a href=\"https:\/\/elpais.com\/tag\/noticias_falsas\/a\" target=\"_blank\" rel=\"noopener\"><em>Fake news<\/em><\/a>\u00a0parec\u00eda una hip\u00f3tesis plausible para explicar las elecciones en Estados Unidos. Un a\u00f1o m\u00e1s tarde, queda en evidencia que estamos ante un proceso que es m\u00e1s grande eso\u201d. Para la columnista y autora de libros como\u00a0<em>50 sombras de Freud<\/em>\u00a0y\u00a0<em>Neur\u00f3ticos<\/em>, estamos en un tiempo bisagra \u201cque parece el fin de algo y un incipiente nuevo orden mundial\u201d. \u201cEn este encuentro se escuch\u00f3 hablar acerca de los costos de la globalizaci\u00f3n, la transacci\u00f3n actual de libertad por control en pos de seguridad, qu\u00e9 sigue en la nueva fase del capitalismo. Me pareci\u00f3 que hay m\u00e1s preguntas que respuestas, a diferencia de hace un a\u00f1o en que hab\u00eda m\u00e1s respuestas\u201d, se\u00f1ala Michelson, que adelanta una de las posibles explicaciones a los fen\u00f3menos pol\u00edticos recientes: \u201cLa incertidumbre es terreno f\u00e9rtil para la emergencia de l\u00edderes reaccionarios\u201d.<\/p>\n<p>Fuente: <a href=\"https:\/\/elpais.com\/internacional\/2018\/11\/13\/america\/1542142037_116804.html\">El Pais<\/a><\/p>\n","protected":false},"excerpt":{"rendered":"<p>La llegada al poder del l\u00edder ultra brasile\u00f1o cruza los debates en el festival cultural Puerto de Ideas en Valpara\u00edso, Chile. Desde el arte, la ciencia, la literatura y la filosof\u00eda se intenta encontrar una explicaci\u00f3n para\u00a0fen\u00f3menos pol\u00edticos como el de Jair Bolsonaro en Brasil.\u00a0Fue lo que qued\u00f3 en evidencia el pasado fin de semana [&hellip;]<\/p>\n","protected":false},"author":1,"featured_media":4026,"comment_status":"closed","ping_status":"closed","sticky":false,"template":"","format":"standard","meta":{"footnotes":""},"categories":[14,2],"tags":[],"class_list":["post-4025","post","type-post","status-publish","format-standard","has-post-thumbnail","hentry","category-entertainment","category-portada"],"_links":{"self":[{"href":"https:\/\/ciudadliberal.cl\/index.php?rest_route=\/wp\/v2\/posts\/4025","targetHints":{"allow":["GET"]}}],"collection":[{"href":"https:\/\/ciudadliberal.cl\/index.php?rest_route=\/wp\/v2\/posts"}],"about":[{"href":"https:\/\/ciudadliberal.cl\/index.php?rest_route=\/wp\/v2\/types\/post"}],"author":[{"embeddable":true,"href":"https:\/\/ciudadliberal.cl\/index.php?rest_route=\/wp\/v2\/users\/1"}],"replies":[{"embeddable":true,"href":"https:\/\/ciudadliberal.cl\/index.php?rest_route=%2Fwp%2Fv2%2Fcomments&post=4025"}],"version-history":[{"count":1,"href":"https:\/\/ciudadliberal.cl\/index.php?rest_route=\/wp\/v2\/posts\/4025\/revisions"}],"predecessor-version":[{"id":4027,"href":"https:\/\/ciudadliberal.cl\/index.php?rest_route=\/wp\/v2\/posts\/4025\/revisions\/4027"}],"wp:featuredmedia":[{"embeddable":true,"href":"https:\/\/ciudadliberal.cl\/index.php?rest_route=\/wp\/v2\/media\/4026"}],"wp:attachment":[{"href":"https:\/\/ciudadliberal.cl\/index.php?rest_route=%2Fwp%2Fv2%2Fmedia&parent=4025"}],"wp:term":[{"taxonomy":"category","embeddable":true,"href":"https:\/\/ciudadliberal.cl\/index.php?rest_route=%2Fwp%2Fv2%2Fcategories&post=4025"},{"taxonomy":"post_tag","embeddable":true,"href":"https:\/\/ciudadliberal.cl\/index.php?rest_route=%2Fwp%2Fv2%2Ftags&post=4025"}],"curies":[{"name":"wp","href":"https:\/\/api.w.org\/{rel}","templated":true}]}}