{"id":4022,"date":"2018-11-15T06:34:15","date_gmt":"2018-11-15T10:34:15","guid":{"rendered":"https:\/\/ciudadliberal.cl\/?p=4022"},"modified":"2018-11-15T06:34:15","modified_gmt":"2018-11-15T10:34:15","slug":"mayores-recursos-para-seguridad-publica-fueron-aprobados-por-la-camara-en-partida-del-ministerio-del-interior","status":"publish","type":"post","link":"https:\/\/ciudadliberal.cl\/?p=4022","title":{"rendered":"Mayores recursos para seguridad p\u00fablica fueron aprobados por la C\u00e1mara en partida del Ministerio del Interior"},"content":{"rendered":"<p>La asignaci\u00f3n presupuestaria para 2019 presenta incrementos tanto del Fondo Nacional de Desarrollo Regional, as\u00ed como del Fondo de Apoyo Regional. Esta fue una de las carteras favorecidas con incrementos especiales tras el acuerdo alcanzado en la Comisi\u00f3n Mixta de Presupuestos.<\/p>\n<p><b>Aumento de recursos para las regiones fueron aprobados hoy por la C\u00e1mara de Diputados en el contexto de la ratificaci\u00f3n del presupuesto para 2019 del Ministerio del Interior y Seguridad P\u00fablica<\/b>, el cual contempla montos netos por $3.371.745 millones, en moneda nacional; y por US$63 millones, en moneda extranjera.<\/p>\n<p>El texto original del presupuesto (<a href=\"http:\/\/www.camara.cl\/legislacion\/ProyectosDeLey\/tramitacion.aspx?prmID=12649&amp;prmBOLETIN=12130-05\" target=\"_blank\" rel=\"noopener\">bolet\u00edn 12130<\/a>) contemplaba transferencias a los gobiernos regionales (Gores) por $179.000 millones. Los ingresos provendr\u00e1n del Gobierno Central, de la Direcci\u00f3n de Educaci\u00f3n P\u00fablica, FIE (Fondo de Infraestructura Escolar, dependiente de la Direcci\u00f3n de Educaci\u00f3n P\u00fablica), del Tesoro P\u00fablico (financia el FAR, Fondo de Apoyo Regional del fondo espejo del Transantiago) y de la Subsecretar\u00eda de Energ\u00eda. Existe, adem\u00e1s, una transferencia del gobierno espa\u00f1ol para saneamiento sanitario.<\/p>\n<p>El proyecto de presupuesto considera tambi\u00e9n un aumento de un 9,6% para el funcionamiento de los Gores. Estos incrementos tienen relaci\u00f3n con la creaci\u00f3n de tres nuevas divisiones y los funcionarios capacitados para administrarlas, las cuales servir\u00e1n de impulso para el proceso de regionalizaci\u00f3n de la nueva ley que comienza a regir en plenitud el a\u00f1o 2022.<\/p>\n<p>Cabe recordar que la distribuci\u00f3n del 90% del Fondo Nacional de Desarrollo Regional (FNDR) entre las regiones se efect\u00faa teniendo en cuenta la poblaci\u00f3n en condiciones de vulnerabilidad social y las caracter\u00edsticas territoriales de cada regi\u00f3n. Para estos efectos, se considerar\u00e1n las dos variables siguientes:<\/p>\n<p>a. Con a lo menos un 50% de ponderaci\u00f3n, la poblaci\u00f3n en condiciones de pobreza e indigencia, medida en t\u00e9rminos absolutos y relativos.<\/p>\n<p>b. El porcentaje restante, en funci\u00f3n de uno o m\u00e1s indicadores relativos a las caracter\u00edsticas territoriales de cada regi\u00f3n, que determinen las posibilidades de acceso de la poblaci\u00f3n a los servicios, as\u00ed como los diferenciales de costo de obras de pavimentaci\u00f3n y construcci\u00f3n.<\/p>\n<p>El restante 10% se distribuye a lo largo del a\u00f1o presupuestario, donde un 5% se destina a gastos de emergencia y otro 5% se asigna de acuerdo a criterios de eficiencia ligados al desempe\u00f1o en las \u00e1reas de Salud, Educaci\u00f3n y Gesti\u00f3n de la Inversi\u00f3n Regional.<\/p>\n<p>Conforme a la forma de distribuci\u00f3n se\u00f1alada, para el pr\u00f3ximo a\u00f1o el porcentaje de asignaci\u00f3n por regi\u00f3n es la siguiente: Tarapac\u00e1, 3,65%; Antofagasta, 4,84%; Atacama, 4,02%; Coquimbo, 6,05%; Valpara\u00edso, 7,25%; O&#8217;Higgins, 6,34%; Maule, 8,89%; Biob\u00edo, 7,31%; La Araucan\u00eda, 10,30%; Los Lagos, 7,62%; Ays\u00e9n, 4,37%; Magallanes, 4,76%; Metropolitana, 11,84%; Los R\u00edos, 4,64%; 3,09%; y \u00d1uble, 5,03%.<\/p>\n<p>La partida presupuestaria tambi\u00e9n contempla dineros para la Subsecretar\u00eda de Desarrollo Regional (Subdere) por $589.912 millones. Presenta una disminuci\u00f3n de un -5% al presente a\u00f1o que se explica por la disminuci\u00f3n de las deudas que tiene la Subsecretar\u00eda con organismos internacionales y por una baja en el programa de Convergencia, relacionado con la Divisi\u00f3n de Desarrollo Regional, donde los proyectos de las ocho regiones consideradas se empiezan a agotar.<\/p>\n<p>En este marco se financia, por ejemplo, el programa de Desarrollo Local, donde existe un aumento del fortalecimiento de la Divisi\u00f3n de Municipalidades, que permitir\u00e1, a su vez, el fortalecimiento de los gobiernos municipales, porque estos tambi\u00e9n son parte del proceso de descentralizaci\u00f3n.<\/p>\n<p>A lo anterior se deben sumar incrementos por $10 mil millones para inversi\u00f3n regional, ello como base del acuerdo transversal alcanzado en instancias de la Comisi\u00f3n Mixta de Presupuestos.<\/p>\n<p>La partida del Ministerio del Interior tambi\u00e9n incluye financiamiento para<br \/>\n1. El Servicio de Gobierno Interior, por $74.220 millones (incluye dineros para la administraci\u00f3n de los complejos fronterizos; el programa de atenci\u00f3n a migrantes; de coordinaci\u00f3n, orden p\u00fablico y gesti\u00f3n territorial; programa de barrios transitorios de emergencia;<br \/>\n2. La Oficina Nacional de Emergencia, por $15.872 millones. Contempla un incremento de recursos de un 4,7%,.<br \/>\n3. La Subsecretar\u00eda del Interior, por $31.352 millones. Incluye financiamiento para la Red de Conectividad del Estado; el Fondo Social; y Bomberos de Chile.<br \/>\n4. Hospital de Carabineros, por $30.544 millones.<\/p>\n<p>Adem\u00e1s, en el \u00e1rea de seguridad p\u00fablica\u00a0esta partida financia a la Agencia Nacional de Inteligencia; a la Subsecretar\u00eda de Prevenci\u00f3n del Delito; el Servicio Nacional para la Prevenci\u00f3n y Rehabilitaci\u00f3n del Consumo de Drogas y Alcohol; Carabineros de Chile; y la Polic\u00eda de Investigaciones de Chile.<\/p>\n<p>&nbsp;<\/p>\n<p>Fuente: <a href=\"https:\/\/www.camara.cl\/prensa\/noticias_detalle.aspx?prmid=135567\">Camara.cl<\/a><\/p>\n","protected":false},"excerpt":{"rendered":"<p>La asignaci\u00f3n presupuestaria para 2019 presenta incrementos tanto del Fondo Nacional de Desarrollo Regional, as\u00ed como del Fondo de Apoyo Regional. Esta fue una de las carteras favorecidas con incrementos especiales tras el acuerdo alcanzado en la Comisi\u00f3n Mixta de Presupuestos. Aumento de recursos para las regiones fueron aprobados hoy por la C\u00e1mara de Diputados [&hellip;]<\/p>\n","protected":false},"author":1,"featured_media":4023,"comment_status":"closed","ping_status":"closed","sticky":false,"template":"","format":"standard","meta":{"footnotes":""},"categories":[16,2],"tags":[],"class_list":["post-4022","post","type-post","status-publish","format-standard","has-post-thumbnail","hentry","category-internet","category-portada"],"_links":{"self":[{"href":"https:\/\/ciudadliberal.cl\/index.php?rest_route=\/wp\/v2\/posts\/4022","targetHints":{"allow":["GET"]}}],"collection":[{"href":"https:\/\/ciudadliberal.cl\/index.php?rest_route=\/wp\/v2\/posts"}],"about":[{"href":"https:\/\/ciudadliberal.cl\/index.php?rest_route=\/wp\/v2\/types\/post"}],"author":[{"embeddable":true,"href":"https:\/\/ciudadliberal.cl\/index.php?rest_route=\/wp\/v2\/users\/1"}],"replies":[{"embeddable":true,"href":"https:\/\/ciudadliberal.cl\/index.php?rest_route=%2Fwp%2Fv2%2Fcomments&post=4022"}],"version-history":[{"count":1,"href":"https:\/\/ciudadliberal.cl\/index.php?rest_route=\/wp\/v2\/posts\/4022\/revisions"}],"predecessor-version":[{"id":4024,"href":"https:\/\/ciudadliberal.cl\/index.php?rest_route=\/wp\/v2\/posts\/4022\/revisions\/4024"}],"wp:featuredmedia":[{"embeddable":true,"href":"https:\/\/ciudadliberal.cl\/index.php?rest_route=\/wp\/v2\/media\/4023"}],"wp:attachment":[{"href":"https:\/\/ciudadliberal.cl\/index.php?rest_route=%2Fwp%2Fv2%2Fmedia&parent=4022"}],"wp:term":[{"taxonomy":"category","embeddable":true,"href":"https:\/\/ciudadliberal.cl\/index.php?rest_route=%2Fwp%2Fv2%2Fcategories&post=4022"},{"taxonomy":"post_tag","embeddable":true,"href":"https:\/\/ciudadliberal.cl\/index.php?rest_route=%2Fwp%2Fv2%2Ftags&post=4022"}],"curies":[{"name":"wp","href":"https:\/\/api.w.org\/{rel}","templated":true}]}}