{"id":4019,"date":"2018-11-14T17:02:32","date_gmt":"2018-11-14T21:02:32","guid":{"rendered":"https:\/\/ciudadliberal.cl\/?p=4019"},"modified":"2018-11-14T17:02:32","modified_gmt":"2018-11-14T21:02:32","slug":"presentan-proyecto-para-que-banderas-indigenas-sean-izadas-en-organos-del-estado","status":"publish","type":"post","link":"https:\/\/ciudadliberal.cl\/?p=4019","title":{"rendered":"Presentan proyecto para que banderas ind\u00edgenas sean izadas en \u00f3rganos del Estado"},"content":{"rendered":"<p>\u00abHoy en Chile hay nueve pueblos que tienen su bandera identificada y reconocida. Y que estas representaciones puedan ser reconocidos y respetados por todos, esa es la propuesta\u201d, explicaron parlamentarios.<\/p>\n<p>Los diputados de la Federaci\u00f3n Regionalista Verde Social, Esteban Vel\u00e1squez y Jaime Mulet, presentaron un proyecto de ley elaborado en conjunto con el presidente de la Fundaci\u00f3n Instituto de Desarrollo y Liderazgo Ind\u00edgena que modifica la Ley Ind\u00edgena, otorgando el derecho de los pueblos originarios a utilizar e izar sus banderas propias sin autorizaci\u00f3n previa, adem\u00e1s de entregar la facultad de solicitar dicho izamiento a los \u00f3rganos del Estado en sus fechas conmemorativas o efem\u00e9rides.<\/p>\n<p>En la oportunidad, acompa\u00f1ados tambi\u00e9n de las diputadas Emilia Nuyado (PS) y Erika Olivera (IND), y del diputado F\u00e9lix Gonz\u00e1lez (PEV), Vel\u00e1squez se\u00f1al\u00f3 que \u201cesta modificaci\u00f3n a la ley 19.253 es para que los emblemas de cada uno de los pueblos reconocidos en nuestro pa\u00eds sean izados en los \u00f3rganos del Estado, en los servicios p\u00fablicos y en las municipalidades, a fin de que en sus fechas importantes sean reconocidas y tambi\u00e9n el resto de la ciudadan\u00eda pueda conocerlas y compartirlas\u201d.<\/p>\n<p>En el mismo sentido, el Diputado Jaime Mulet, agreg\u00f3 que \u201choy en Chile hay nueve pueblos que tienen su bandera identificada y reconocida, regiones y territorios que se identifican claramente con sus emblemas, como la huipala en el mundo andino, el emblema del pueblo Mapuche o el emblema Rapa Nui. Y que estas representaciones puedan ser reconocidos y respetados por todos, esa es la propuesta\u201d.<\/p>\n<p>Por su parte, el presidente de la Fundaci\u00f3n Instituto de Desarrollo y Liderazgo Ind\u00edgena, Diego Ancalao, tras agradecer la adhesi\u00f3n de otros diputados y diputadas en esta iniciativa, se\u00f1al\u00f3 que \u201cproducto de que hace hace un tiempo la Municipalidad de Villarrica prohibiera el izamiento de la bandera del pueblo mapuche, y basado en un fallo de Contralor\u00eda, nuestra fundaci\u00f3n elabor\u00f3 un proyecto en conjunto con el Partido Regionalista Verde y la Bancada Regionalista para que el Estado permita el izamiento de la bandera ind\u00edgena y de todos los pueblos originarios de Chile y, adem\u00e1s de eso, que sea un derecho y una obligaci\u00f3n de los servicios p\u00fablicos izar las banderas donde corresponda la ubicaci\u00f3n de los pueblos ind\u00edgenas\u201d.<\/p>\n<p>\u201cEl patrimonio cultural, material e inmaterial de los pueblos ind\u00edgenas es un derecho consagrado por el derecho internacional que en Chile no se estaba respetando, por eso elaboramos este proyecto. Adem\u00e1s, este patrimonio no solamente pertenece a este pa\u00eds, sino que le pertenece a toda la humanidad y los pueblos originarios de Chile, el que se debe rescatar y proponer, porque un pa\u00eds sin identidad es un pa\u00eds que est\u00e1 destinado al fracaso\u201d, finaliz\u00f3 Ancalao.<\/p>\n<p>Fuente: <a href=\"https:\/\/www.latercera.com\/nacional\/noticia\/viainclusiva-presentan-proyecto-banderas-indigenas-sean-izadas-organos-del-estado\/401064\/\">La Tercera<\/a><\/p>\n","protected":false},"excerpt":{"rendered":"<p>\u00abHoy en Chile hay nueve pueblos que tienen su bandera identificada y reconocida. Y que estas representaciones puedan ser reconocidos y respetados por todos, esa es la propuesta\u201d, explicaron parlamentarios. Los diputados de la Federaci\u00f3n Regionalista Verde Social, Esteban Vel\u00e1squez y Jaime Mulet, presentaron un proyecto de ley elaborado en conjunto con el presidente de [&hellip;]<\/p>\n","protected":false},"author":1,"featured_media":4020,"comment_status":"closed","ping_status":"closed","sticky":false,"template":"","format":"standard","meta":{"footnotes":""},"categories":[16,2],"tags":[],"class_list":["post-4019","post","type-post","status-publish","format-standard","has-post-thumbnail","hentry","category-internet","category-portada"],"_links":{"self":[{"href":"https:\/\/ciudadliberal.cl\/index.php?rest_route=\/wp\/v2\/posts\/4019","targetHints":{"allow":["GET"]}}],"collection":[{"href":"https:\/\/ciudadliberal.cl\/index.php?rest_route=\/wp\/v2\/posts"}],"about":[{"href":"https:\/\/ciudadliberal.cl\/index.php?rest_route=\/wp\/v2\/types\/post"}],"author":[{"embeddable":true,"href":"https:\/\/ciudadliberal.cl\/index.php?rest_route=\/wp\/v2\/users\/1"}],"replies":[{"embeddable":true,"href":"https:\/\/ciudadliberal.cl\/index.php?rest_route=%2Fwp%2Fv2%2Fcomments&post=4019"}],"version-history":[{"count":1,"href":"https:\/\/ciudadliberal.cl\/index.php?rest_route=\/wp\/v2\/posts\/4019\/revisions"}],"predecessor-version":[{"id":4021,"href":"https:\/\/ciudadliberal.cl\/index.php?rest_route=\/wp\/v2\/posts\/4019\/revisions\/4021"}],"wp:featuredmedia":[{"embeddable":true,"href":"https:\/\/ciudadliberal.cl\/index.php?rest_route=\/wp\/v2\/media\/4020"}],"wp:attachment":[{"href":"https:\/\/ciudadliberal.cl\/index.php?rest_route=%2Fwp%2Fv2%2Fmedia&parent=4019"}],"wp:term":[{"taxonomy":"category","embeddable":true,"href":"https:\/\/ciudadliberal.cl\/index.php?rest_route=%2Fwp%2Fv2%2Fcategories&post=4019"},{"taxonomy":"post_tag","embeddable":true,"href":"https:\/\/ciudadliberal.cl\/index.php?rest_route=%2Fwp%2Fv2%2Ftags&post=4019"}],"curies":[{"name":"wp","href":"https:\/\/api.w.org\/{rel}","templated":true}]}}