{"id":4012,"date":"2018-11-13T23:46:12","date_gmt":"2018-11-14T03:46:12","guid":{"rendered":"https:\/\/ciudadliberal.cl\/?p=4012"},"modified":"2018-11-13T23:46:12","modified_gmt":"2018-11-14T03:46:12","slug":"tc-rechazo-requerimiento-en-contra-de-investigacion-por-homicidio-del-expresidente-frei-montalva","status":"publish","type":"post","link":"https:\/\/ciudadliberal.cl\/?p=4012","title":{"rendered":"TC rechaz\u00f3 requerimiento en contra de investigaci\u00f3n por homicidio del expresidente Frei Montalva"},"content":{"rendered":"<p>Por 7 votos contra 2, el Tribunal Constitucional (TC) rechaz\u00f3 el requerimiento presentado por la\u00a0<strong>defensa del m\u00e9dico Pedro Valdivia<\/strong>, acusado como c\u00f3mplice del\u00a0<strong>homicidio del expresidente Frei Montalva<\/strong>, registrado el 22 de enero de 1982.<\/p>\n<p>El requerimiento denunciaba una eventual parcialidad del ministro en visita a cargo del caso,\u00a0<strong>Alejandro Madrid<\/strong>, quien indaga los hechos y mantiene a otras personas acusadas en el proceso judicial.<\/p>\n<p>Este martes, el TC s\u00f3lo dio a conocer su votaci\u00f3n -al final de esta nota- y el fallo, sin embargo, qued\u00f3 encargado a redacci\u00f3n de uno de sus ministros.<\/p>\n<p>Con esta decisi\u00f3n, Madrid puede seguir adelante, sin obst\u00e1culos, en busca de sentencias y condenas respectivas.<\/p>\n<p>Cabe recordar que acusados como\u00a0<strong>autores<\/strong>\u00a0del homicidio del exmandatario, se encuentra su m\u00e9dico de cabecera, Patricio Silva Gar\u00edn; el chofer del expresidente, Luis Becerra Arancibia y el exagente de la DINA, Ra\u00fal Lillo Guti\u00e9rrez.<\/p>\n<p>Adem\u00e1s, como presunto\u00a0<strong>c\u00f3mplice<\/strong>\u00a0est\u00e1 acusado el doctor Valdivia y como\u00a0<strong>encubridores<\/strong>, por esconder la autopsia del exmandatario, los facultativos Helmar Rosemberg y Sergio Gonz\u00e1lez.<\/p>\n<p>Fuente: <a href=\"https:\/\/www.biobiochile.cl\/noticias\/nacional\/chile\/2018\/11\/13\/previo-a-palma-salamanca-el-dia-que-boric-se-comprometio-publicamente-a-defender-el-legado-del-fpmr.shtml\">Biobio<\/a><\/p>\n","protected":false},"excerpt":{"rendered":"<p>Por 7 votos contra 2, el Tribunal Constitucional (TC) rechaz\u00f3 el requerimiento presentado por la\u00a0defensa del m\u00e9dico Pedro Valdivia, acusado como c\u00f3mplice del\u00a0homicidio del expresidente Frei Montalva, registrado el 22 de enero de 1982. El requerimiento denunciaba una eventual parcialidad del ministro en visita a cargo del caso,\u00a0Alejandro Madrid, quien indaga los hechos y mantiene [&hellip;]<\/p>\n","protected":false},"author":1,"featured_media":4013,"comment_status":"closed","ping_status":"closed","sticky":false,"template":"","format":"standard","meta":{"footnotes":""},"categories":[16,2],"tags":[],"class_list":["post-4012","post","type-post","status-publish","format-standard","has-post-thumbnail","hentry","category-internet","category-portada"],"_links":{"self":[{"href":"https:\/\/ciudadliberal.cl\/index.php?rest_route=\/wp\/v2\/posts\/4012","targetHints":{"allow":["GET"]}}],"collection":[{"href":"https:\/\/ciudadliberal.cl\/index.php?rest_route=\/wp\/v2\/posts"}],"about":[{"href":"https:\/\/ciudadliberal.cl\/index.php?rest_route=\/wp\/v2\/types\/post"}],"author":[{"embeddable":true,"href":"https:\/\/ciudadliberal.cl\/index.php?rest_route=\/wp\/v2\/users\/1"}],"replies":[{"embeddable":true,"href":"https:\/\/ciudadliberal.cl\/index.php?rest_route=%2Fwp%2Fv2%2Fcomments&post=4012"}],"version-history":[{"count":1,"href":"https:\/\/ciudadliberal.cl\/index.php?rest_route=\/wp\/v2\/posts\/4012\/revisions"}],"predecessor-version":[{"id":4014,"href":"https:\/\/ciudadliberal.cl\/index.php?rest_route=\/wp\/v2\/posts\/4012\/revisions\/4014"}],"wp:featuredmedia":[{"embeddable":true,"href":"https:\/\/ciudadliberal.cl\/index.php?rest_route=\/wp\/v2\/media\/4013"}],"wp:attachment":[{"href":"https:\/\/ciudadliberal.cl\/index.php?rest_route=%2Fwp%2Fv2%2Fmedia&parent=4012"}],"wp:term":[{"taxonomy":"category","embeddable":true,"href":"https:\/\/ciudadliberal.cl\/index.php?rest_route=%2Fwp%2Fv2%2Fcategories&post=4012"},{"taxonomy":"post_tag","embeddable":true,"href":"https:\/\/ciudadliberal.cl\/index.php?rest_route=%2Fwp%2Fv2%2Ftags&post=4012"}],"curies":[{"name":"wp","href":"https:\/\/api.w.org\/{rel}","templated":true}]}}