{"id":3779,"date":"2018-09-03T09:58:25","date_gmt":"2018-09-03T13:58:25","guid":{"rendered":"https:\/\/ciudadliberal.cl\/?p=3779"},"modified":"2018-09-03T10:03:34","modified_gmt":"2018-09-03T14:03:34","slug":"sol-serrano-premio-nacional-de-historia-en-el-discurso-politico-pareciera-que-este-pais-nacio-en-1973","status":"publish","type":"post","link":"https:\/\/ciudadliberal.cl\/?p=3779","title":{"rendered":"Sol Serrano, Premio Nacional de Historia: \u201cEn el discurso pol\u00edtico, pareciera que este pa\u00eds naci\u00f3 en 1973\u201d"},"content":{"rendered":"<p>La historiadora y acad\u00e9mica de la Universidad Cat\u00f3lica asegur\u00f3 que \u00abad portas a este nuevo 11 hemos avanzado, a pesar de todo, en que el tema central sean los derechos humanos\u00bb.<\/p>\n<p>Esta semana la editorial Taurus\u00a0<a href=\"https:\/\/www.megustaleer.cl\/noticias\/sol-serrano-premio-nacional-de-historia-2018-publica-junto-a-macarena-ponce-de-len-francisca-rengifo-y-rodrigo-mayorga-el-tomo-iii-de-historia-de-la-educacin-en-chile-1810-2010\/691\">publica el tercer tomo de \u201cHistoria de la educaci\u00f3n en Chile\u201d<\/a>, de las autoras Macarena Ponce Le\u00f3n y Francisca Rengifo, adem\u00e1s de Rodrigo Moraga.<\/p>\n<p>A este grupo se suma la destacada historiadora Sol Serrano, quien hace algunos d\u00edas\u00a0<a href=\"https:\/\/www.cnnchile.com\/pais\/sol-serrano-se-transformo-en-la-primera-mujer-en-recibir-el-premio-nacional-de-historia_20180827\/\">recibi\u00f3 el Premio Nacional de Historia<\/a>, convirti\u00e9ndose en la primera mujer en recibir este reconocimiento.<\/p>\n<p><img loading=\"lazy\" decoding=\"async\" class=\"alignnone size-medium wp-image-3781\" src=\"https:\/\/ciudadliberal.cl\/wp-content\/uploads\/2018\/09\/libro-sol-serrano-188x300.png\" alt=\"\" width=\"188\" height=\"300\" srcset=\"https:\/\/ciudadliberal.cl\/wp-content\/uploads\/2018\/09\/libro-sol-serrano-188x300.png 188w, https:\/\/ciudadliberal.cl\/wp-content\/uploads\/2018\/09\/libro-sol-serrano-263x420.png 263w, https:\/\/ciudadliberal.cl\/wp-content\/uploads\/2018\/09\/libro-sol-serrano.png 300w\" sizes=\"auto, (max-width: 188px) 100vw, 188px\" \/><\/p>\n<p>Adem\u00e1s de la educaci\u00f3n, tema que Serrano recoge en\u00a0<a href=\"https:\/\/www.megustaleer.com\/libros\/el-liceo\/MCL-004516\">\u201cEl liceo\u201d (2018)<\/a>, la historiadora ha tratado en m\u00e1s de una ocasi\u00f3n el tema de la pol\u00edtica.<\/p>\n<p>Es en esta materia que a Sol Serrano le preocupa que \u201c<strong>hoy la pol\u00edtica tiene proyectos, pero no relato hist\u00f3rico<\/strong>\u201c, de lo cual convers\u00f3 en una reciente entrevista, y adem\u00e1s tuvo palabras para\u00a0<a href=\"https:\/\/www.cnnchile.com\/pais\/no-habia-otra-salida-asi-reacciono-el-mundo-politico-a-la-renuncia-de-mauricio-rojas_20180813\/\">la reciente pol\u00e9mica<\/a>que encabez\u00f3 el ex ministro de la Cultura, Mauricio Rojas.<\/p>\n<p>\u201cQuiero ser fuerte en este punto: el objetivo com\u00fan es que la violaci\u00f3n de los derechos humanos no pueda volverse a repetir. Ese es el punto central. El valor de los derechos humanos no se puede relativizar\u201d, coment\u00f3 en entrevista con\u00a0<a href=\"http:\/\/impresa.elmercurio.com\/Pages\/NewsDetail.aspx?dt=02-09-2018%200:00:00&amp;dtB=02-09-2018%200:00:00&amp;BodyID=6&amp;PaginaId=3\">El Mercurio<\/a>.<\/p>\n<p>\u201cPersonalmente, si alguna observaci\u00f3n le har\u00eda al Museo de la Memoria no es la referencia al contexto hist\u00f3rico chileno, sino ampliar el contexto del significado de los derechos humanos y especialmente hacer ver que son universales y que han sido universalmente violados\u201d, agreg\u00f3 la historiadora.<\/p>\n<p>En relaci\u00f3n al abandono de la pol\u00edtica hacia la historia, la Premio Nacional de Historia profundiz\u00f3 a\u00fan m\u00e1s: \u201cCuando hablamos, por ejemplo, de\u00a0<strong>cambio clim\u00e1tico<\/strong>\u00a0estamos insertos en una l\u00ednea de tiempo de pasado y futuro que nos impulsa a actuar.\u00a0<strong>La pol\u00edtica abandon\u00f3 a la historia<\/strong>, a mi juicio, no porque los pol\u00edticos no lean ni sepan ni se interesen por la historia, sino porque el \u2018r\u00e9gimen de historicidad\u2019 es el presente\u201d.<\/p>\n<p>\u201cLa pol\u00edtica tiene proyectos, y a veces relato, pero no relato hist\u00f3rico sobre lo que hemos sido y lo que aquello significa para lo que queremos ser.\u00a0<strong>En el discurso pol\u00edtico, pareciera que este pa\u00eds naci\u00f3 en 1973<\/strong>\u201c, explic\u00f3 Serrano.<\/p>\n<p>Asimismo, y a d\u00edas de un nuevo 11 de septiembre, la historiadora se\u00f1al\u00f3 que \u201cad portas a este nuevo 11 hemos avanzado, a pesar de todo, en que el tema central sean los derechos humanos. Ojal\u00e1 siga siendo la direcci\u00f3n. Entonces,\u00a0<strong>el 11 adquiere un sentido de futuro, y no solo de una disputa identitaria del pasado<\/strong>\u201c.<\/p>\n<p>Fuente: <a href=\"https:\/\/www.cnnchile.com\/pais\/sol-serrano-premio-nacional-de-historia-en-el-discurso-politico-pareciera-que-este-pais-nacio-en-1973_20180902\/\">CNN Chile<\/a><\/p>\n","protected":false},"excerpt":{"rendered":"<p>La historiadora y acad\u00e9mica de la Universidad Cat\u00f3lica asegur\u00f3 que \u00abad portas a este nuevo 11 hemos avanzado, a pesar de todo, en que el tema central sean los derechos humanos\u00bb. Esta semana la editorial Taurus\u00a0publica el tercer tomo de \u201cHistoria de la educaci\u00f3n en Chile\u201d, de las autoras Macarena Ponce Le\u00f3n y Francisca Rengifo, [&hellip;]<\/p>\n","protected":false},"author":1,"featured_media":3780,"comment_status":"closed","ping_status":"closed","sticky":false,"template":"","format":"standard","meta":{"footnotes":""},"categories":[2],"tags":[],"class_list":["post-3779","post","type-post","status-publish","format-standard","has-post-thumbnail","hentry","category-portada"],"_links":{"self":[{"href":"https:\/\/ciudadliberal.cl\/index.php?rest_route=\/wp\/v2\/posts\/3779","targetHints":{"allow":["GET"]}}],"collection":[{"href":"https:\/\/ciudadliberal.cl\/index.php?rest_route=\/wp\/v2\/posts"}],"about":[{"href":"https:\/\/ciudadliberal.cl\/index.php?rest_route=\/wp\/v2\/types\/post"}],"author":[{"embeddable":true,"href":"https:\/\/ciudadliberal.cl\/index.php?rest_route=\/wp\/v2\/users\/1"}],"replies":[{"embeddable":true,"href":"https:\/\/ciudadliberal.cl\/index.php?rest_route=%2Fwp%2Fv2%2Fcomments&post=3779"}],"version-history":[{"count":2,"href":"https:\/\/ciudadliberal.cl\/index.php?rest_route=\/wp\/v2\/posts\/3779\/revisions"}],"predecessor-version":[{"id":3783,"href":"https:\/\/ciudadliberal.cl\/index.php?rest_route=\/wp\/v2\/posts\/3779\/revisions\/3783"}],"wp:featuredmedia":[{"embeddable":true,"href":"https:\/\/ciudadliberal.cl\/index.php?rest_route=\/wp\/v2\/media\/3780"}],"wp:attachment":[{"href":"https:\/\/ciudadliberal.cl\/index.php?rest_route=%2Fwp%2Fv2%2Fmedia&parent=3779"}],"wp:term":[{"taxonomy":"category","embeddable":true,"href":"https:\/\/ciudadliberal.cl\/index.php?rest_route=%2Fwp%2Fv2%2Fcategories&post=3779"},{"taxonomy":"post_tag","embeddable":true,"href":"https:\/\/ciudadliberal.cl\/index.php?rest_route=%2Fwp%2Fv2%2Ftags&post=3779"}],"curies":[{"name":"wp","href":"https:\/\/api.w.org\/{rel}","templated":true}]}}