{"id":3512,"date":"2018-07-06T13:19:06","date_gmt":"2018-07-06T17:19:06","guid":{"rendered":"https:\/\/ciudadliberal.cl\/?p=3512"},"modified":"2018-07-06T13:23:28","modified_gmt":"2018-07-06T17:23:28","slug":"1-de-cada-5-personas-quiere-a-bachelet-de-nuevo-en-la-moneda","status":"publish","type":"post","link":"https:\/\/ciudadliberal.cl\/?p=3512","title":{"rendered":"1 de cada 5 personas quiere a Bachelet de nuevo en La Moneda"},"content":{"rendered":"<p>La ex Presidenta, <strong>Michelle Bachelet<\/strong>, reapareci\u00f3 en una encuesta llevada a cabo por la firma <strong>Criteria Research<\/strong>, y en la que muestran que a<strong> un 22% le gustar\u00eda que tuviera un tercer per\u00edodo en La Moneda.<\/strong><\/p>\n<p>Ese fue el resultado en la <strong>pregunta espont\u00e1nea<\/strong> sobre qui\u00e9n le gustar\u00eda a los encuestados que fuera el pr\u00f3ximo presidente.<\/p>\n<p><strong>Sin embargo, de acuerdo al sondeo, la mayor\u00eda piensa que Bachelet no deber\u00eda seguir en pol\u00edtica.<\/strong><\/p>\n<p>Tambi\u00e9n se consult\u00f3 sobre cu\u00e1l de sus administraciones fue la mejor:<strong> un 53% cree que fue su primer gobierno, s\u00f3lo un 13% cree que el segundo<\/strong> <strong>mandato<\/strong> y un 35% opina que son iguales.<\/p>\n<p>Finalmente, el sondeo consulta <strong>\u201c\u00bfCrees que Michelle Bachelet postular\u00e1 a una tercera elecci\u00f3n presidencial?\u201d: el 83% cree que no lo har\u00e1.\u00a0<\/strong><\/p>\n<p>La encuesta se realiz\u00f3 entre el 15 y el 28 de junio, y la muestra total es de 927 casos.<\/p>\n<h4>\u00bfSer\u00eda posible?<\/h4>\n<p>Fue la misma Bachelet quien entreg\u00f3 luces sobre su futuro a mediados de enero. <strong>Descart\u00f3 de plano, en aquella oportunidad, una nueva postulaci\u00f3n a La Moneda.\u00a0<\/strong><\/p>\n<p>En conversaci\u00f3n con Radio Oasis, la ex mandataria hab\u00eda dicho que\u00a0\u201c<strong>lo descarto completamente. Ahora, lo que s\u00ed me preocupa, es que si bien hay mucha gente que quiere ser Presidente de la Rep\u00fablica<\/strong>, yo no veo mucha gente que la gente quiera que sea Presidente\u201d.<\/p>\n<p>Puedes revisar el estudio <a href=\"https:\/\/www.docdroid.net\/6ct2nLE\/agenda-junio2018.pdf\">aqu\u00ed<\/a><\/p>\n<p>&nbsp;<\/p>\n<p>Fuente: <a href=\"https:\/\/www.cnnchile.com\/pais\/1-de-cada-5-personas-quiere-a-bachelet-de-nuevo-en-la-moneda_20180705\/\">CNN Chile<\/a><\/p>\n","protected":false},"excerpt":{"rendered":"<p>La ex Presidenta, Michelle Bachelet, reapareci\u00f3 en una encuesta llevada a cabo por la firma Criteria Research, y en la que muestran que a un 22% le gustar\u00eda que tuviera un tercer per\u00edodo en La Moneda. Ese fue el resultado en la pregunta espont\u00e1nea sobre qui\u00e9n le gustar\u00eda a los encuestados que fuera el pr\u00f3ximo [&hellip;]<\/p>\n","protected":false},"author":1,"featured_media":3513,"comment_status":"closed","ping_status":"closed","sticky":false,"template":"","format":"standard","meta":{"footnotes":""},"categories":[16,2],"tags":[137],"class_list":["post-3512","post","type-post","status-publish","format-standard","has-post-thumbnail","hentry","category-internet","category-portada","tag-bachelet"],"_links":{"self":[{"href":"https:\/\/ciudadliberal.cl\/index.php?rest_route=\/wp\/v2\/posts\/3512","targetHints":{"allow":["GET"]}}],"collection":[{"href":"https:\/\/ciudadliberal.cl\/index.php?rest_route=\/wp\/v2\/posts"}],"about":[{"href":"https:\/\/ciudadliberal.cl\/index.php?rest_route=\/wp\/v2\/types\/post"}],"author":[{"embeddable":true,"href":"https:\/\/ciudadliberal.cl\/index.php?rest_route=\/wp\/v2\/users\/1"}],"replies":[{"embeddable":true,"href":"https:\/\/ciudadliberal.cl\/index.php?rest_route=%2Fwp%2Fv2%2Fcomments&post=3512"}],"version-history":[{"count":1,"href":"https:\/\/ciudadliberal.cl\/index.php?rest_route=\/wp\/v2\/posts\/3512\/revisions"}],"predecessor-version":[{"id":3514,"href":"https:\/\/ciudadliberal.cl\/index.php?rest_route=\/wp\/v2\/posts\/3512\/revisions\/3514"}],"wp:featuredmedia":[{"embeddable":true,"href":"https:\/\/ciudadliberal.cl\/index.php?rest_route=\/wp\/v2\/media\/3513"}],"wp:attachment":[{"href":"https:\/\/ciudadliberal.cl\/index.php?rest_route=%2Fwp%2Fv2%2Fmedia&parent=3512"}],"wp:term":[{"taxonomy":"category","embeddable":true,"href":"https:\/\/ciudadliberal.cl\/index.php?rest_route=%2Fwp%2Fv2%2Fcategories&post=3512"},{"taxonomy":"post_tag","embeddable":true,"href":"https:\/\/ciudadliberal.cl\/index.php?rest_route=%2Fwp%2Fv2%2Ftags&post=3512"}],"curies":[{"name":"wp","href":"https:\/\/api.w.org\/{rel}","templated":true}]}}