{"id":3509,"date":"2018-07-06T13:06:31","date_gmt":"2018-07-06T17:06:31","guid":{"rendered":"https:\/\/ciudadliberal.cl\/?p=3509"},"modified":"2018-07-06T13:25:24","modified_gmt":"2018-07-06T17:25:24","slug":"andres-velasco-opta-por-rostros-nuevos-para-competir-por-el-liderazgo-de-ciudadanos","status":"publish","type":"post","link":"https:\/\/ciudadliberal.cl\/?p=3509","title":{"rendered":"Andr\u00e9s Velasco opta por \u201crostros nuevos\u201d para competir por el liderazgo de Ciudadanos"},"content":{"rendered":"<h4>La abogada Ignacia G\u00f3mez encabezar\u00e1 la lista respaldada por el ex ministro de Hacienda. En la secretar\u00eda general la acompa\u00f1ar\u00e1 Jos\u00e9 Gabriel Krauss, publicista e hijo del militante hist\u00f3rico DC, Enrique Krauss. Como tesorera ir\u00e1 Paula Romero, ex candidata a senadora por El Maule.<\/h4>\n<hr \/>\n<p>\u201cHola amigos Ciudadanos, desde ac\u00e1 de lejos <strong>quiero saludar y felicitar a la gran lista que se postula para dirigir el partido Ciudadanos: A Ignacia G\u00f3mez, la futura presidenta, al gran Cote Krauss, futuro secretario general, y a Paula Romero que va a ser una estupenda tesorera del partido\u201d.<\/strong><\/p>\n<p>Con esas palabras -expresadas en un video que envi\u00f3 por redes sociales y WhatsApp mientras se encontraba en Inglaterra- el ex ministro de Hacienda, <strong>Andr\u00e9s Velasco,<\/strong> le dese\u00f3 suerte a la lista que respalda, para competir en las pr\u00f3ximas <a href=\"http:\/\/ellibero.cl\/wp-content\/uploads\/2018\/07\/QZER2u3X_400x400.jpg\"><img loading=\"lazy\" decoding=\"async\" class=\"wp-image-91346 alignleft img-loaded\" src=\"http:\/\/ellibero.cl\/wp-content\/uploads\/2018\/07\/QZER2u3X_400x400-300x300.jpg\" sizes=\"auto, (max-width: 132px) 100vw, 132px\" srcset=\"http:\/\/ellibero.cl\/wp-content\/uploads\/2018\/07\/QZER2u3X_400x400-300x300.jpg 300w, http:\/\/ellibero.cl\/wp-content\/uploads\/2018\/07\/QZER2u3X_400x400-150x150.jpg 150w, http:\/\/ellibero.cl\/wp-content\/uploads\/2018\/07\/QZER2u3X_400x400.jpg 400w\" alt=\"\" width=\"132\" height=\"132\" \/><\/a>elecciones del 17 y 18 de agosto, en las internas de Ciudadanos. Ser\u00e1 precisamente esa n\u00f3mina, encabezada por la abogada y directora de la fundaci\u00f3n Hay Mujeres, <strong>Ignacia G\u00f3mez<\/strong>, quien tendr\u00e1 la misi\u00f3n de disputar la presidencia del partido contra el ex DC, <strong>Juan Jos\u00e9 Santa Cruz.<\/strong><\/p>\n<p>G\u00f3mez ya comparti\u00f3 un per\u00edodo en la mesa directiva con el ex ministro, en 2016. Fue durante ese a\u00f1o que Velasco sali\u00f3 electo con m\u00e1s del 90% de los votos, comicios en los que no tuvo m\u00e1s\u00a0contrincantes para disputar el cargo de presidente del partido.<\/p>\n<p>En la actual n\u00f3mina, la abogada estar\u00e1 acompa\u00f1ada por <strong>Jos\u00e9 Gabriel Krauss<\/strong>, en el cargo de secretario general. El publicista -e hijo del militante <a href=\"http:\/\/ellibero.cl\/wp-content\/uploads\/2018\/07\/krauss-220x260.png\"><img loading=\"lazy\" decoding=\"async\" class=\"wp-image-91347 alignleft img-loaded\" src=\"http:\/\/ellibero.cl\/wp-content\/uploads\/2018\/07\/krauss-220x260.png\" alt=\"\" width=\"128\" height=\"151\" \/><\/a>hist\u00f3rico DC, y ex ministro de Patricio Aylwin,\u00a0Enrique Krauss- es uno de los fundadores de Ciudadanos y tuvo la misi\u00f3n de dise\u00f1ar el primer logo de la colectividad que recalcaba que eran \u201cde la nueva pol\u00edtica\u201d.\u00a0Y esta no ser\u00e1 la primera vez en que Krauss se encuentro con una contienda pol\u00edtica, puesto que desde 1989 ha dirigido campa\u00f1as electorales.<\/p>\n<p><img loading=\"lazy\" decoding=\"async\" class=\"wp-image-91348 alignleft img-loaded\" src=\"http:\/\/ellibero.cl\/wp-content\/uploads\/2018\/07\/Paula-Romero-PEQUEN\u0303A-300x282.jpg\" sizes=\"auto, (max-width: 134px) 100vw, 134px\" srcset=\"http:\/\/ellibero.cl\/wp-content\/uploads\/2018\/07\/Paula-Romero-PEQUEN\u0303A-300x282.jpg 300w, http:\/\/ellibero.cl\/wp-content\/uploads\/2018\/07\/Paula-Romero-PEQUEN\u0303A-320x300.jpg 320w, http:\/\/ellibero.cl\/wp-content\/uploads\/2018\/07\/Paula-Romero-PEQUEN\u0303A.jpg 512w\" alt=\"\" width=\"134\" height=\"126\" \/><\/p>\n<p>En tanto, la ingeniera civil industrial, <strong>Paula Romero<\/strong>, competir\u00e1 por el cargo de tesorera. En las parlamentarias del a\u00f1o pasado compiti\u00f3 junto a Velasco por un esca\u00f1o al Senado en la Regi\u00f3n El Maule, ocasi\u00f3n en la que no fue electa, tal como le ocurri\u00f3 al ex jefe de las finanzas p\u00fablicas.<\/p>\n<p>Adem\u00e1s, en el video que difundi\u00f3 Velasco entre los militantes de Ciudadanos, destaca que esta lista es <strong>\u201cgente que quiere hacer una pol\u00edtica distinta, que cree en la democracia, que no le gusta la jerarqu\u00eda, transparente y que escucha\u201d.<\/strong>\u00a0Tambi\u00e9n env\u00eda saludos \u201ca los cientos de Ciudadanos que van a apoyar esta lista y que la van a llevar al triunfo en agosto. As\u00ed es que <strong>con mucho entusiasmo, vamos que se puede\u201d.<\/strong><\/p>\n<p>Con esas palabras se hac\u00eda expl\u00edcito que el ex ministro daba un paso al costado para dirigir el partido durante el pr\u00f3ximo per\u00edodo<strong>. Desde su entorno se\u00f1alan que habr\u00eda optado por no ser \u00e9l quien encabece la lista, puesto que estar\u00eda optando por \u201cnuevos liderazgos\u201d y que \u201cno siempre sean los mismo nombres\u201d quienes dirijan la colectividad.<\/strong><\/p>\n<p>Fueron varios los militantes de Ciudadanos que mostraron el inter\u00e9s por liderar la lista. Algunos de los nombres que se barajaron fueron al menos seis:\u00a0 Magdalena Vald\u00e9s, Javiera Arias, Julio Riutort, Felipe Vergara y Manuel Lobos.<\/p>\n<p>En tanto, desde el grupo encabezado por Juan Jos\u00e9 Santa Cruz ya surgieron algunos cuestionamientos hacia la lista respaldada por el ex candidato presidencial, puesto que argumentan una falta experiencia pol\u00edtica. Ello, seg\u00fan comentan, dificultar\u00eda los acuerdos y conversaciones con otras fuerzas pol\u00edticas.<\/p>\n<p>&nbsp;<\/p>\n<p>Fuente: <a href=\"http:\/\/ellibero.cl\/actualidad\/andres-velasco-opta-por-rostros-nuevos-para-competir-por-el-liderazgo-de-ciudadanos\/\">El Libero<\/a><\/p>\n","protected":false},"excerpt":{"rendered":"<p>La abogada Ignacia G\u00f3mez encabezar\u00e1 la lista respaldada por el ex ministro de Hacienda. En la secretar\u00eda general la acompa\u00f1ar\u00e1 Jos\u00e9 Gabriel Krauss, publicista e hijo del militante hist\u00f3rico DC, Enrique Krauss. Como tesorera ir\u00e1 Paula Romero, ex candidata a senadora por El Maule. \u201cHola amigos Ciudadanos, desde ac\u00e1 de lejos quiero saludar y felicitar [&hellip;]<\/p>\n","protected":false},"author":1,"featured_media":3510,"comment_status":"closed","ping_status":"closed","sticky":false,"template":"","format":"standard","meta":{"footnotes":""},"categories":[16,2],"tags":[],"class_list":["post-3509","post","type-post","status-publish","format-standard","has-post-thumbnail","hentry","category-internet","category-portada"],"_links":{"self":[{"href":"https:\/\/ciudadliberal.cl\/index.php?rest_route=\/wp\/v2\/posts\/3509","targetHints":{"allow":["GET"]}}],"collection":[{"href":"https:\/\/ciudadliberal.cl\/index.php?rest_route=\/wp\/v2\/posts"}],"about":[{"href":"https:\/\/ciudadliberal.cl\/index.php?rest_route=\/wp\/v2\/types\/post"}],"author":[{"embeddable":true,"href":"https:\/\/ciudadliberal.cl\/index.php?rest_route=\/wp\/v2\/users\/1"}],"replies":[{"embeddable":true,"href":"https:\/\/ciudadliberal.cl\/index.php?rest_route=%2Fwp%2Fv2%2Fcomments&post=3509"}],"version-history":[{"count":1,"href":"https:\/\/ciudadliberal.cl\/index.php?rest_route=\/wp\/v2\/posts\/3509\/revisions"}],"predecessor-version":[{"id":3511,"href":"https:\/\/ciudadliberal.cl\/index.php?rest_route=\/wp\/v2\/posts\/3509\/revisions\/3511"}],"wp:featuredmedia":[{"embeddable":true,"href":"https:\/\/ciudadliberal.cl\/index.php?rest_route=\/wp\/v2\/media\/3510"}],"wp:attachment":[{"href":"https:\/\/ciudadliberal.cl\/index.php?rest_route=%2Fwp%2Fv2%2Fmedia&parent=3509"}],"wp:term":[{"taxonomy":"category","embeddable":true,"href":"https:\/\/ciudadliberal.cl\/index.php?rest_route=%2Fwp%2Fv2%2Fcategories&post=3509"},{"taxonomy":"post_tag","embeddable":true,"href":"https:\/\/ciudadliberal.cl\/index.php?rest_route=%2Fwp%2Fv2%2Ftags&post=3509"}],"curies":[{"name":"wp","href":"https:\/\/api.w.org\/{rel}","templated":true}]}}