{"id":3504,"date":"2018-07-05T12:30:08","date_gmt":"2018-07-05T16:30:08","guid":{"rendered":"https:\/\/ciudadliberal.cl\/?p=3504"},"modified":"2018-07-05T12:38:10","modified_gmt":"2018-07-05T16:38:10","slug":"pinera-firmo-el-proyecto-que-busca-terminar-con-el-nepotismo","status":"publish","type":"post","link":"https:\/\/ciudadliberal.cl\/?p=3504","title":{"rendered":"Pi\u00f1era firm\u00f3 el proyecto que busca terminar con el nepotismo"},"content":{"rendered":"<p>En una actividad en Sal\u00f3n Montt Varas en La Moneda,<strong> el Presidente Sebasti\u00e1n Pi\u00f1era<\/strong> firm\u00f3 el<strong> proyecto de ley de Integridad P\u00fablica<\/strong>, iniciativa que, entre otras cosas, busca acabar con el nepotismo en cargos p\u00fablicos.<\/p>\n<p>La iniciativa elaborada por el Ejecutivo tambi\u00e9n busca controlar la denominada \u201cpuerta giratoria\u201d en el paso del sector p\u00fablico al privado.<\/p>\n<p>La normativa establece que <strong>cesen las labores de parlamentarios y autoridades, tendr\u00e1n prohibido -durante un a\u00f1o- realizar lobby o gesti\u00f3n de intereses. <\/strong><\/p>\n<p>El proyecto, adem\u00e1s, <strong>regula el ingreso c\u00f3nyuges o convivientes civiles, as\u00ed como de parientes \u2013 ya sea de segundo o tercer grado de consanguinidad- de autoridades, incluida la figura presidencial.<\/strong><\/p>\n<p>\u201cNo queremos funcionarios p\u00fablicos que lleguen a servirse a s\u00ed mismos en base a pitutos y que puedan ser operadores pol\u00edticos en la administraci\u00f3n del Estado\u201d, dijo Pi\u00f1era en su discurso.<\/p>\n<p>Por \u00faltimo, la medida busca <strong>excluir la participaci\u00f3n de autoridades del Estado cuando exista inter\u00e9s del involucrado<\/strong>, sobre todo en caso de los parlamentarios y su rol en la elaboraci\u00f3n de leyes.<\/p>\n<p>&nbsp;<\/p>\n<p>Fuente: <a href=\"https:\/\/www.cnnchile.com\/pais\/pinera-firmo-el-proyecto-que-busca-terminar-con-el-nepotismo_20180705\/\">CNN Chile<\/a><\/p>\n","protected":false},"excerpt":{"rendered":"<p>En una actividad en Sal\u00f3n Montt Varas en La Moneda, el Presidente Sebasti\u00e1n Pi\u00f1era firm\u00f3 el proyecto de ley de Integridad P\u00fablica, iniciativa que, entre otras cosas, busca acabar con el nepotismo en cargos p\u00fablicos. La iniciativa elaborada por el Ejecutivo tambi\u00e9n busca controlar la denominada \u201cpuerta giratoria\u201d en el paso del sector p\u00fablico al [&hellip;]<\/p>\n","protected":false},"author":1,"featured_media":3505,"comment_status":"closed","ping_status":"closed","sticky":false,"template":"","format":"standard","meta":{"footnotes":""},"categories":[16,2],"tags":[155,68],"class_list":["post-3504","post","type-post","status-publish","format-standard","has-post-thumbnail","hentry","category-internet","category-portada","tag-nepotismo","tag-pinera"],"_links":{"self":[{"href":"https:\/\/ciudadliberal.cl\/index.php?rest_route=\/wp\/v2\/posts\/3504","targetHints":{"allow":["GET"]}}],"collection":[{"href":"https:\/\/ciudadliberal.cl\/index.php?rest_route=\/wp\/v2\/posts"}],"about":[{"href":"https:\/\/ciudadliberal.cl\/index.php?rest_route=\/wp\/v2\/types\/post"}],"author":[{"embeddable":true,"href":"https:\/\/ciudadliberal.cl\/index.php?rest_route=\/wp\/v2\/users\/1"}],"replies":[{"embeddable":true,"href":"https:\/\/ciudadliberal.cl\/index.php?rest_route=%2Fwp%2Fv2%2Fcomments&post=3504"}],"version-history":[{"count":2,"href":"https:\/\/ciudadliberal.cl\/index.php?rest_route=\/wp\/v2\/posts\/3504\/revisions"}],"predecessor-version":[{"id":3508,"href":"https:\/\/ciudadliberal.cl\/index.php?rest_route=\/wp\/v2\/posts\/3504\/revisions\/3508"}],"wp:featuredmedia":[{"embeddable":true,"href":"https:\/\/ciudadliberal.cl\/index.php?rest_route=\/wp\/v2\/media\/3505"}],"wp:attachment":[{"href":"https:\/\/ciudadliberal.cl\/index.php?rest_route=%2Fwp%2Fv2%2Fmedia&parent=3504"}],"wp:term":[{"taxonomy":"category","embeddable":true,"href":"https:\/\/ciudadliberal.cl\/index.php?rest_route=%2Fwp%2Fv2%2Fcategories&post=3504"},{"taxonomy":"post_tag","embeddable":true,"href":"https:\/\/ciudadliberal.cl\/index.php?rest_route=%2Fwp%2Fv2%2Ftags&post=3504"}],"curies":[{"name":"wp","href":"https:\/\/api.w.org\/{rel}","templated":true}]}}