{"id":3400,"date":"2018-06-19T13:22:20","date_gmt":"2018-06-19T17:22:20","guid":{"rendered":"https:\/\/ciudadliberal.cl\/?p=3400"},"modified":"2018-06-20T11:05:38","modified_gmt":"2018-06-20T15:05:38","slug":"columna-de-cristobal-bellolio-la-ultima-palabra","status":"publish","type":"post","link":"https:\/\/ciudadliberal.cl\/?p=3400","title":{"rendered":"Columna de Crist\u00f3bal Bellolio: La \u00faltima palabra"},"content":{"rendered":"<h3><em>Si el bacheletismo, en cambio, sigue apostando al rearme de lo que fueron en lugar de al completo desarme y rearticulaci\u00f3n de un nuevo polo progresista con liderazgos frescos, entonces ya dijo su \u00faltima palabra.<\/em><\/h3>\n<p>La expresidenta se reuni\u00f3 con sus exministros y la se\u00f1al que interpretaron los medios fue que el bacheletismo se estaba \u201crearmando\u201d, con el prop\u00f3sito de \u201cdefender su legado\u201d de los embates del gobierno de Sebasti\u00e1n Pi\u00f1era. Aunque la propia Michelle Bachelet ha descartado competir por un tercer per\u00edodo, m\u00e1s de alguno quiso leer en este rearme una declaraci\u00f3n de voluntad: si hay que pelear por los valores del progresismo, Bachelet sigue disponible. Aunque este a\u00f1o no la acompa\u00f1aron las cifras tropicales de aprobaci\u00f3n que exhibi\u00f3 al finalizar su primer cuatrienio, la exmandataria sigue siendo probablemente la figura que m\u00e1s adhesiones concita en la otrora gran familia concertacionista. Desde que se subi\u00f3 a un tanque hace diecis\u00e9is a\u00f1os, ha sido la figura m\u00e1s importante del mundo de la centroizquierda chilena, pr\u00e1cticamente sin competencia. Hoy no parece ser distinto.<\/p>\n<p>La tentaci\u00f3n del bacheletismo es que sea ella quien tenga la \u00faltima palabra en este tango del poder que desde el 2005 baila con Pi\u00f1era. Que el ciclo se cierre por el lado izquierdo. Para que no queden cabos sueltos ni reformas a medio andar. Para que el conservadurismo chileno no tire por la borda los esfuerzos del socialismo. Porque el que r\u00ede \u00faltimo, r\u00ede mejor. Si Bachelet llegara a conquistar un tercer per\u00edodo, ser\u00eda entonces el pi\u00f1erismo el interesado en estirar el ciclo. A Pi\u00f1era s\u00ed que le quita el sue\u00f1o quedarse con la \u00faltima palabra.<\/p>\n<p>Aunque se miren como archirrivales -desde que dej\u00f3 a Lav\u00edn en el camino, Pi\u00f1era tambi\u00e9n ha sido la figura excluyente de su sector- lo cierto es que este tango ha sido bueno para los chilenos. Los libros de historia ser\u00e1n benevolentes con la era Caburga. En una caricatura, la din\u00e1mica ha sido la siguiente: mientras Bachelet incrementa las expectativas sociales y aumenta el gasto p\u00fablico correspondiente, Pi\u00f1era revisa la cuenta, impugna un par de detalles, pero finalmente no le queda m\u00e1s remedio que pagarla. A fin de cuentas, es Pi\u00f1era quien lleg\u00f3 al restor\u00e1n haciendo alarde de su capacidad de abultar la billetera. Es decir, ella corre las fronteras de lo posible y a \u00e9l le toca hacerlo posible, como si se tratase de una involuntaria interacci\u00f3n simbi\u00f3tica.<\/p>\n<p>Pero tambi\u00e9n existe la posibilidad de que a Bachelet no llegue al 2021. Ya sea porque definitivamente no quiere -despu\u00e9s de Caval, \u00bfqui\u00e9n puede culparla? \u2013 o porque el Frente Amplio creci\u00f3 lo suficiente como para reclamar la primera opci\u00f3n en la izquierda, lo que queda de la coalici\u00f3n antes conocida como Nueva Mayor\u00eda tiene que pensar en alternativas. No puede repetir los errores que cometi\u00f3 hace ocho a\u00f1os, cuando se vio por primera vez fuera de La Moneda desde el retorno de la democracia. La entonces Concertaci\u00f3n se durmi\u00f3 en los laureles sabiendo que la reina madre invernaba con su popularidad intacta en Nueva York. En paralelo, dej\u00f3 que la calle le amargara la vida al primer gobierno de Pi\u00f1era, permitiendo que el movimiento social le arrebatara el protagonismo pol\u00edtico. El resto de la historia es conocida: las movilizaciones del 2011 marcaron un hito que le dio sentido de pertenencia pol\u00edtica a toda una generaci\u00f3n, difuminando as\u00ed el hito de 1988 que proporcionaba el combustible identitario esencial del mundo concertacionista.<\/p>\n<p>La pregunta es si acaso esta vez descansar\u00e1n en la esperanza que Bachelet regrese a solucionar sus problemas, o buscar\u00e1n los medios para generar liderazgos atractivos y capaces de disputar con el frenteamplismo cuyas acciones se cotizan al alza. Una reciente encuesta muestra que las dos coaliciones con mayor adhesi\u00f3n son justamente Chile Vamos (21%) y el Frente Amplio (19%), seguidos por el nuevo movimiento de Jos\u00e9 Antonio Kast (10%). La ex Nueva Mayor\u00eda no llega a los dos d\u00edgitos. Para qu\u00e9 hablar de presidenciables: no tienen a nadie en la lista de los primeros cinco.<\/p>\n<p>En este cuadro tiene responsabilidad la propia Bachelet. Salvo contadas excepciones -como Paula Narv\u00e1ez y Marcelo Mena- y algunos proyectos fallidos -como Rodrigo Pe\u00f1ailillo y Alberto Arenas-, su estilo no se distingui\u00f3 por darle tiraje a la chimenea y promover nuevos liderazgos. Despu\u00e9s de su primer mandato las alternativas se redujeron a Lagos, Insulza o Frei. Despu\u00e9s del segundo, a Lagos o Guillier. El legendario canciller alem\u00e1n Helmut Kohl aleccionaba sobre la importancia de los delfines en pol\u00edtica. Pero ninguno de los mencionados puede ser considerado delf\u00edn de Bachelet. Pi\u00f1era no tuvo la necesidad de producir delfines en 2013: su generaci\u00f3n todav\u00eda estaba ganosa y dispuesta a pelear una \u00faltima batalla. Estaban a la cola algunos coroneles de la UDI y miembros de la noventera patrulla juvenil de RN. El escenario ser\u00e1 distinto en 2021. Pi\u00f1era entiende que probablemente no haya una tercera administraci\u00f3n y que por tanto se queda indirectamente con la \u00faltima palabra pariendo un sucesor, entreg\u00e1ndole la banda presidencial a una figura que se haya ganado los galones colaborando con su gobierno.<\/p>\n<p>Si el bacheletismo, en cambio, sigue apostando al rearme de lo que fueron en lugar de al completo desarme y rearticulaci\u00f3n de un nuevo polo progresista con liderazgos frescos, entonces ya dijo su \u00faltima palabra.<\/p>\n<p>&nbsp;<\/p>\n<p>Fuente: <a href=\"http:\/\/www.theclinic.cl\/2018\/06\/15\/columna-cristobal-bellolio-la-ultima-palabra\/\">The Clinic<\/a><\/p>\n","protected":false},"excerpt":{"rendered":"<p>Si el bacheletismo, en cambio, sigue apostando al rearme de lo que fueron en lugar de al completo desarme y rearticulaci\u00f3n de un nuevo polo progresista con liderazgos frescos, entonces ya dijo su \u00faltima palabra. La expresidenta se reuni\u00f3 con sus exministros y la se\u00f1al que interpretaron los medios fue que el bacheletismo se estaba [&hellip;]<\/p>\n","protected":false},"author":1,"featured_media":3401,"comment_status":"closed","ping_status":"closed","sticky":false,"template":"","format":"standard","meta":{"footnotes":""},"categories":[2,13],"tags":[137,103],"class_list":["post-3400","post","type-post","status-publish","format-standard","has-post-thumbnail","hentry","category-portada","category-voces","tag-bachelet","tag-cristobal-bellolio"],"_links":{"self":[{"href":"https:\/\/ciudadliberal.cl\/index.php?rest_route=\/wp\/v2\/posts\/3400","targetHints":{"allow":["GET"]}}],"collection":[{"href":"https:\/\/ciudadliberal.cl\/index.php?rest_route=\/wp\/v2\/posts"}],"about":[{"href":"https:\/\/ciudadliberal.cl\/index.php?rest_route=\/wp\/v2\/types\/post"}],"author":[{"embeddable":true,"href":"https:\/\/ciudadliberal.cl\/index.php?rest_route=\/wp\/v2\/users\/1"}],"replies":[{"embeddable":true,"href":"https:\/\/ciudadliberal.cl\/index.php?rest_route=%2Fwp%2Fv2%2Fcomments&post=3400"}],"version-history":[{"count":1,"href":"https:\/\/ciudadliberal.cl\/index.php?rest_route=\/wp\/v2\/posts\/3400\/revisions"}],"predecessor-version":[{"id":3402,"href":"https:\/\/ciudadliberal.cl\/index.php?rest_route=\/wp\/v2\/posts\/3400\/revisions\/3402"}],"wp:featuredmedia":[{"embeddable":true,"href":"https:\/\/ciudadliberal.cl\/index.php?rest_route=\/wp\/v2\/media\/3401"}],"wp:attachment":[{"href":"https:\/\/ciudadliberal.cl\/index.php?rest_route=%2Fwp%2Fv2%2Fmedia&parent=3400"}],"wp:term":[{"taxonomy":"category","embeddable":true,"href":"https:\/\/ciudadliberal.cl\/index.php?rest_route=%2Fwp%2Fv2%2Fcategories&post=3400"},{"taxonomy":"post_tag","embeddable":true,"href":"https:\/\/ciudadliberal.cl\/index.php?rest_route=%2Fwp%2Fv2%2Ftags&post=3400"}],"curies":[{"name":"wp","href":"https:\/\/api.w.org\/{rel}","templated":true}]}}