{"id":3393,"date":"2018-06-19T11:57:40","date_gmt":"2018-06-19T15:57:40","guid":{"rendered":"https:\/\/ciudadliberal.cl\/?p=3393"},"modified":"2018-06-19T11:57:40","modified_gmt":"2018-06-19T15:57:40","slug":"luciano-cruz-coke-jefe-de-bancada-de-evopoli-felipe-kast-es-un-lider-natural-y-espero-que-sea-el-sucesor-de-pinera","status":"publish","type":"post","link":"https:\/\/ciudadliberal.cl\/?p=3393","title":{"rendered":"Luciano Cruz-Coke, jefe de bancada de Ev\u00f3poli: \u201cFelipe Kast es un l\u00edder natural y espero que sea el sucesor de Pi\u00f1era\u201d"},"content":{"rendered":"<h3>El diputado plantea que su partido ha logrado instalar temas en la agenda del gobierno y que deben incluir a m\u00e1s actores para proyectarse como bloque. Adem\u00e1s, dice que La Moneda debe \u201chacerse cargo\u201d de las palabras del Presidente y enviar un proyecto para reducir las dietas parlamentarias y de otros funcionarios del sector p\u00fablico.<\/h3>\n<p>Junto al centro de estudio Horizontal, el jefe de bancada de Ev\u00f3poli, Luciano Cruz-Coke, est\u00e1 preparando un proyecto de ley para reducir los sueldos de los funcionarios p\u00fablicos, entre ellos la dieta parlamentaria.<\/p>\n<p>Esto, luego de que el Presidente Sebasti\u00e1n Pi\u00f1era se abriera a esa opci\u00f3n. \u201cMe gustar\u00eda que el gobierno se hiciera cargo y presentara un proyecto\u201d, dice.<\/p>\n<p>Adem\u00e1s, plantea que la coalici\u00f3n debe incluir a m\u00e1s actores y que el sucesor de Pi\u00f1era deber\u00eda ser el senador Felipe Kast.<\/p>\n<p><strong>Esta semana se gener\u00f3 molestia en Chile Vamos ya que el Presidente se abri\u00f3 a reducir la dieta parlamentaria, a ra\u00edz de la aprobaci\u00f3n de un proyecto de resoluci\u00f3n que busca poner urgencia a una iniciativa del Frente Amplio. \u00bfQu\u00e9 le pareci\u00f3?<\/strong><\/p>\n<p>Me parece bien porque nosotros tambi\u00e9n estamos de acuerdo en normar y reducir eventualmente las dietas parlamentarias y los sueldos de las altas autoridades del Estado, pero tiene que hacerse de manera m\u00e1s global, m\u00e1s integrada.<\/p>\n<p><strong>Algunos resintieron que el Mandatario no respaldara a su coalici\u00f3n debido a que, mayoritariamente, rechazaron el proyecto de resoluci\u00f3n. \u00bfSe equivoc\u00f3 el Presidente?<\/strong><\/p>\n<p>Esta es una bandera que nosotros como Ev\u00f3poli pusimos al frente (\u2026). Pero s\u00ed, podr\u00edan haber empezado por ah\u00ed, haber coordinado previamente de mejor manera, de manera tal que no pareciese una reacci\u00f3n pol\u00edtica a un proyecto de resoluci\u00f3n que es una declaratoria muy menor y que est\u00e1 hecho para ganar aplausos.<\/p>\n<p><strong>Pero el Presidente se qued\u00f3 en palabras. La vocera aclar\u00f3 que sus dichos fueron \u201cuna opini\u00f3n\u201d, y que solo se est\u00e1 trabajando en un proyecto para reducir parlamentarios.<\/strong><\/p>\n<p>Nosotros con Horizontal estamos trabajando en un proyecto, y se lo vamos a presentar al gobierno. Esperamos tenerlo esta o la pr\u00f3xima semana para comenzar a abordar la regulaci\u00f3n de los altos sueldos del Estado.<\/p>\n<p><strong>M\u00e1s all\u00e1 de eso, \u00bfel Presidente deber\u00eda hacerse cargo de sus palabras y presentar un proyecto?<\/strong><\/p>\n<p>S\u00ed. El gobierno debe hacerse cargo y presentar un proyecto.<\/p>\n<p><strong>El senador Francisco Chahu\u00e1n critic\u00f3 duramente al gobierno. El fondo de sus cuestionamientos, respecto de la demora en la instalaci\u00f3n, fue compartido por RN. \u00bfQu\u00e9 le parece?<\/strong><\/p>\n<p>Evidentemente que un proceso de instalaci\u00f3n de gobierno es dif\u00edcil (\u2026), pero creo que hay problemas normales en la instalaci\u00f3n.<\/p>\n<p><strong>Pero otra cr\u00edtica, que es m\u00e1s transversal, es que al gobierno le ha costado instalar su agenda. \u00bfQu\u00e9 cree que falta?<\/strong><\/p>\n<p>No creo que sea as\u00ed. La agenda de infancia se estableci\u00f3, la de seguridad tambi\u00e9n, viene ahora toda la agenda que dice relaci\u00f3n con el adulto mayor y con las pensiones. Son todos cambios relevantes. Cuando un gobierno tiene sobre un 50% de aprobaci\u00f3n significa que vamos avanzando bien. Siento que nosotros somos muy reactivos a lo que dice la oposici\u00f3n, tenemos que empezar a creernos m\u00e1s que somos una mayor\u00eda social, que controlamos la agenda y que ganamos la elecci\u00f3n por amplia mayor\u00eda.<\/p>\n<p><strong>Entonces, \u00bfusted no hace autocr\u00edtica?<\/strong><\/p>\n<p>Yo creo que se producen errores de descoordinaci\u00f3n, y esos errores son propios tambi\u00e9n de una coalici\u00f3n que no estaba acostumbrada a funcionar con cuatro partidos, sino con dos.<\/p>\n<p><strong>\u00bfFalta que los ministros comuniquen mejor la informaci\u00f3n?<\/strong><\/p>\n<p>Siempre se puede mejorar.<\/p>\n<p><strong>\u00bfQu\u00e9 opina del debate que abri\u00f3 el Presidente sobre integrar a Ciudadanos a Chile Vamos?<\/strong><\/p>\n<p>Yo valoro la gente que est\u00e1 ah\u00ed. Curiosamente, adem\u00e1s, son personas que se han sentido muy interpretadas por el Presidente (\u2026). Entiendo tambi\u00e9n que nunca hubo mucha disposici\u00f3n por parte de Andr\u00e9s Velasco, pero tengo la impresi\u00f3n de que saltar acuerdos cupulares sin antes haber construido un poquito de amistad c\u00edvica es siempre dif\u00edcil. Estas cosas se van a poder definir con mucho mayor claridad una vez que haya una nueva directiva en Ciudadanos. Ah\u00ed vamos a ver claramente cu\u00e1l es la posici\u00f3n de ese partido. Creo que apurar un di\u00e1logo antes de que ese evento pol\u00edtico ocurra es, de alguna forma, influenciar una elecci\u00f3n interna.<\/p>\n<p><strong>\u00bfSe apresur\u00f3 el Presidente?<\/strong><\/p>\n<p>No es que haya habido apresuramiento\u2026.<\/p>\n<p><strong>Pero abri\u00f3 un debate y usted dice que a\u00fan no es el momento.<\/strong><\/p>\n<p>Por el contrario, imag\u00ednate que Sebasti\u00e1n Sichel, que era el dos de Velasco, hoy es el vicepresidente de Corfo. Poner a Sichel ah\u00ed es el signo de querer hacer una apertura hac\u00eda all\u00e1.<\/p>\n<p><strong>\u00bfHay margen para que se sumen despu\u00e9s de las elecciones internas?<\/strong><\/p>\n<p>Tenemos cuatro a\u00f1os todav\u00eda para buscar acercamientos.<\/p>\n<p><strong>Algunos transmitieron inquietud ante la opci\u00f3n de incorporar a m\u00e1s actores porque que implicar\u00eda una \u201cmayor divisi\u00f3n del poder\u201d\u2026<\/strong><\/p>\n<p>Mi impresi\u00f3n es distinta. Si t\u00fa est\u00e1s haciendo pol\u00edtica en el corto plazo, pol\u00edtica de hojarasca como dice Ricardo Lagos, probablemente muchos pueden pensar en ese sentido (\u2026). De todas formas, para ser mayor\u00eda social y proyectarnos tenemos tambi\u00e9n que ir integrando a otros actores. Bienvenidos tambi\u00e9n los Progresismo con Progreso, los socialcristianos\u2026<\/p>\n<p><strong>En ese sentido, \u00bfc\u00f3mo proyecta a Ev\u00f3poli dentro de la coalici\u00f3n?<\/strong><\/p>\n<p>Nosotros fuimos francos impulsores de Chile Vamos (\u2026). Nosotros seguiremos instalando nuestras ideas en cada una de las iniciativas de la agenda p\u00fablica y no vamos a ser motivo de divisi\u00f3n. De hecho, vamos a intentar ser un puente con aquellos que hoy d\u00eda no se sientan parte de la coalici\u00f3n, pero que creen que debe tener m\u00e1s justicia social. Vamos a hacer un esfuerzo para que esta coalici\u00f3n se ampl\u00ede y se fortalezca, no la vamos a dividir.<\/p>\n<p><strong>\u00bfEn Ev\u00f3poli hay espacio para que surjan nuevas cartas presidenciales?<\/strong><\/p>\n<p>Por supuesto: Felipe Kast, sin duda.<\/p>\n<p><strong>\u00bfHay alguna otra figura?<\/strong><\/p>\n<p>Felipe Kast tiene un liderazgo natural, lo demostr\u00f3 con una espl\u00e9ndida primaria. Y, m\u00e1s all\u00e1 de los nombres en particular, se ha ido instalando una agenda: la de los ni\u00f1os primero, que el gobierno la ha ido haciendo propia, que es una agenda que nosotros venimos impulsando en Ev\u00f3poli desde el a\u00f1o 2011 (\u2026). Muchos movimientos como Amplitud y Ciudadanos basaron toda su fortaleza en el carisma de un l\u00edder, Ev\u00f3poli lo que hizo fue instalar ideas.<\/p>\n<p><strong>Pero usted destaca la figura de Kast. \u00bfCree que una mayor\u00eda de su partido se incline por \u00e9l como carta presidencial?<\/strong><\/p>\n<p>Bueno, vamos a ver. Felipe Kast es un l\u00edder natural, creo que es el mejor preparado para ser Presidente de la Rep\u00fablica, y espero que sea el sucesor de Sebasti\u00e1n Pi\u00f1era.<\/p>\n<p>&nbsp;<\/p>\n<p>Fuente: <a href=\"http:\/\/www.latercera.com\/politica\/noticia\/luciano-cruz-coke-jefe-bancada-evopoli-felipe-kast-lider-natural-espero-sea-sucesor-pinera\/210164\/\">La Tercera<\/a><\/p>\n","protected":false},"excerpt":{"rendered":"<p>El diputado plantea que su partido ha logrado instalar temas en la agenda del gobierno y que deben incluir a m\u00e1s actores para proyectarse como bloque. Adem\u00e1s, dice que La Moneda debe \u201chacerse cargo\u201d de las palabras del Presidente y enviar un proyecto para reducir las dietas parlamentarias y de otros funcionarios del sector p\u00fablico. [&hellip;]<\/p>\n","protected":false},"author":1,"featured_media":3394,"comment_status":"closed","ping_status":"closed","sticky":false,"template":"","format":"standard","meta":{"footnotes":""},"categories":[16,2],"tags":[136,40],"class_list":["post-3393","post","type-post","status-publish","format-standard","has-post-thumbnail","hentry","category-internet","category-portada","tag-cruz-coke","tag-evopoli"],"_links":{"self":[{"href":"https:\/\/ciudadliberal.cl\/index.php?rest_route=\/wp\/v2\/posts\/3393","targetHints":{"allow":["GET"]}}],"collection":[{"href":"https:\/\/ciudadliberal.cl\/index.php?rest_route=\/wp\/v2\/posts"}],"about":[{"href":"https:\/\/ciudadliberal.cl\/index.php?rest_route=\/wp\/v2\/types\/post"}],"author":[{"embeddable":true,"href":"https:\/\/ciudadliberal.cl\/index.php?rest_route=\/wp\/v2\/users\/1"}],"replies":[{"embeddable":true,"href":"https:\/\/ciudadliberal.cl\/index.php?rest_route=%2Fwp%2Fv2%2Fcomments&post=3393"}],"version-history":[{"count":1,"href":"https:\/\/ciudadliberal.cl\/index.php?rest_route=\/wp\/v2\/posts\/3393\/revisions"}],"predecessor-version":[{"id":3395,"href":"https:\/\/ciudadliberal.cl\/index.php?rest_route=\/wp\/v2\/posts\/3393\/revisions\/3395"}],"wp:featuredmedia":[{"embeddable":true,"href":"https:\/\/ciudadliberal.cl\/index.php?rest_route=\/wp\/v2\/media\/3394"}],"wp:attachment":[{"href":"https:\/\/ciudadliberal.cl\/index.php?rest_route=%2Fwp%2Fv2%2Fmedia&parent=3393"}],"wp:term":[{"taxonomy":"category","embeddable":true,"href":"https:\/\/ciudadliberal.cl\/index.php?rest_route=%2Fwp%2Fv2%2Fcategories&post=3393"},{"taxonomy":"post_tag","embeddable":true,"href":"https:\/\/ciudadliberal.cl\/index.php?rest_route=%2Fwp%2Fv2%2Ftags&post=3393"}],"curies":[{"name":"wp","href":"https:\/\/api.w.org\/{rel}","templated":true}]}}