{"id":3390,"date":"2018-06-19T10:57:47","date_gmt":"2018-06-19T14:57:47","guid":{"rendered":"https:\/\/ciudadliberal.cl\/?p=3390"},"modified":"2018-06-19T10:57:47","modified_gmt":"2018-06-19T14:57:47","slug":"hermana-de-paula-diaz-solicita-a-pinera-la-eutanasia-ella-pide-descanso-y-una-muerte-digna","status":"publish","type":"post","link":"https:\/\/ciudadliberal.cl\/?p=3390","title":{"rendered":"Hermana de Paula D\u00edaz solicita a Pi\u00f1era la eutanasia: \u00abElla pide descanso y una muerte digna\u00bb"},"content":{"rendered":"<p><strong>Vanessa D\u00edaz<\/strong>, hermana de <strong>Paula D\u00edaz<\/strong>, joven que en febrero pasado pidi\u00f3 la eutanasia a la ex presidenta <strong>Michelle Bachelet<\/strong> debido al complejo estado de salud que padece, concurri\u00f3 junto a familiares y autoridades a <strong>La Moneda <\/strong>para expandir el llamado hacia el actual Gobierno.<\/p>\n<p>\u00abHe decidido apoyar a mi hermana en su decisi\u00f3n, su cuerpo d\u00eda a d\u00eda sufre un da\u00f1o degenerativo grande\u00bb, manifest\u00f3, solicitando al Ejecutivo que interceda en el caso.<\/p>\n<p><strong>\u00abSe\u00f1or Presidente, vengo a pedirle que escuche la petici\u00f3n. Ella pide descanso y tener una muerte digna\u00bb<\/strong>, dijo Vanessa.<\/p>\n<p>Recordar que la propia Paula, de 19 a\u00f1os y que hace cuatro a\u00f1os que padece de una extra\u00f1a enfermedad, grab\u00f3 un video en febrero pasado en donde expres\u00f3 sus deseos de pedir \u00abdescanso\u00bb.<\/p>\n<p>El diputado <strong>Vlado Mirosevic<\/strong> acompa\u00f1\u00f3 a la familia, sum\u00e1ndose a la petici\u00f3n, y detallando que el proyecto de eutanasia se est\u00e1 tramitando en el Congreso, \u00aby que esperamos poder empezar a votar el pr\u00f3ximo mes\u00bb.<\/p>\n<p>Mar\u00eda Cecilia Ahumada, madre de la joven, entreg\u00f3 una carta al Mandatario para que pueda ayudar en la b\u00fasqueda de un diagn\u00f3stico y posterior tratamiento.<\/p>\n<p><strong>\u00abNo bajar\u00e9 los brazos, si no encuentro respuesta en Chile, ser\u00e1 en el extranjero\u00bb<\/strong>, sentenci\u00f3.<\/p>\n<p>&nbsp;<\/p>\n<p>Fuente: <a href=\"http:\/\/www.24horas.cl\/nacional\/hermana-de-paula-diaz-solicita-a-pinera-la-eutanasia-ella-pide-descanso-y-una-muerte-digna-2742752#\">24 Horas<\/a><\/p>\n","protected":false},"excerpt":{"rendered":"<p>Vanessa D\u00edaz, hermana de Paula D\u00edaz, joven que en febrero pasado pidi\u00f3 la eutanasia a la ex presidenta Michelle Bachelet debido al complejo estado de salud que padece, concurri\u00f3 junto a familiares y autoridades a La Moneda para expandir el llamado hacia el actual Gobierno. \u00abHe decidido apoyar a mi hermana en su decisi\u00f3n, su [&hellip;]<\/p>\n","protected":false},"author":1,"featured_media":3391,"comment_status":"closed","ping_status":"closed","sticky":false,"template":"","format":"standard","meta":{"footnotes":""},"categories":[2,8],"tags":[75],"class_list":["post-3390","post","type-post","status-publish","format-standard","has-post-thumbnail","hentry","category-portada","category-street-fashion","tag-eutanasia"],"_links":{"self":[{"href":"https:\/\/ciudadliberal.cl\/index.php?rest_route=\/wp\/v2\/posts\/3390","targetHints":{"allow":["GET"]}}],"collection":[{"href":"https:\/\/ciudadliberal.cl\/index.php?rest_route=\/wp\/v2\/posts"}],"about":[{"href":"https:\/\/ciudadliberal.cl\/index.php?rest_route=\/wp\/v2\/types\/post"}],"author":[{"embeddable":true,"href":"https:\/\/ciudadliberal.cl\/index.php?rest_route=\/wp\/v2\/users\/1"}],"replies":[{"embeddable":true,"href":"https:\/\/ciudadliberal.cl\/index.php?rest_route=%2Fwp%2Fv2%2Fcomments&post=3390"}],"version-history":[{"count":1,"href":"https:\/\/ciudadliberal.cl\/index.php?rest_route=\/wp\/v2\/posts\/3390\/revisions"}],"predecessor-version":[{"id":3392,"href":"https:\/\/ciudadliberal.cl\/index.php?rest_route=\/wp\/v2\/posts\/3390\/revisions\/3392"}],"wp:featuredmedia":[{"embeddable":true,"href":"https:\/\/ciudadliberal.cl\/index.php?rest_route=\/wp\/v2\/media\/3391"}],"wp:attachment":[{"href":"https:\/\/ciudadliberal.cl\/index.php?rest_route=%2Fwp%2Fv2%2Fmedia&parent=3390"}],"wp:term":[{"taxonomy":"category","embeddable":true,"href":"https:\/\/ciudadliberal.cl\/index.php?rest_route=%2Fwp%2Fv2%2Fcategories&post=3390"},{"taxonomy":"post_tag","embeddable":true,"href":"https:\/\/ciudadliberal.cl\/index.php?rest_route=%2Fwp%2Fv2%2Ftags&post=3390"}],"curies":[{"name":"wp","href":"https:\/\/api.w.org\/{rel}","templated":true}]}}