{"id":3322,"date":"2018-06-07T11:14:57","date_gmt":"2018-06-07T15:14:57","guid":{"rendered":"https:\/\/ciudadliberal.cl\/?p=3322"},"modified":"2018-06-07T11:14:57","modified_gmt":"2018-06-07T15:14:57","slug":"piden-destituir-a-ortega-por-incapacidad-y-acusan-a-un-academico-por-crisis","status":"publish","type":"post","link":"https:\/\/ciudadliberal.cl\/?p=3322","title":{"rendered":"Piden destituir a Ortega por incapacidad y acusan a un acad\u00e9mico por crisis"},"content":{"rendered":"<p>Managua, 5 jun (EFE).- El Partido Liberal Constitucionalista (PLC), segunda fuerza pol\u00edtica en la Asamblea Nacional (parlamento), exigi\u00f3 hoy la destituci\u00f3n del presidente Daniel Ortega y de su esposa y vicepresidenta, Rosario Murillo, por \u00abincapacidad total permanente\u00bb para ejercer sus cargos.<\/p>\n<p>Los diputados de ese colectivo pidieron la dimisi\u00f3n de Ortega y Murillo bajo la ley de aprobaci\u00f3n de la Declaraci\u00f3n de Incapacidad Total Permanente para ejercer los cargos de presidente y vicepresidenta de la Rep\u00fablica de Nicaragua, en el marco de una crisis sociopol\u00edtica que ha dejado al menos 127 muertos y m\u00e1s de un millar de heridos.<\/p>\n<p>La solicitud est\u00e1 basada en los \u00abhechos de muerte, ciudadanos desaparecidos, torturados, perseguidos, represi\u00f3n, impunidad, incertidumbre, delincuencia generalizada, saqueos, irrespeto a la propiedad privada, desolaci\u00f3n, violencia, caos, irrespeto a los derechos humanos y constitucionales en todas sus formas\u00bb, seg\u00fan la petici\u00f3n.<\/p>\n<p>La Asamblea Nacional de Nicaragua es dominada por el oficialismo y para que pueda prosperar esa propuesta se requiere de los votos de dos tercios de los diputados, es decir, 62 de un total de 92.<\/p>\n<p>El oficialista Frente Sandinista de Liberaci\u00f3n Nacional (FSLN) cuenta con una mayor\u00eda de 64 diputados.<\/p>\n<p>El PLC es el partido del expresidente Arnoldo Alem\u00e1n (1997-2002), quien siendo gobernante pact\u00f3 con Ortega unas reformas de ley que, entre otros, baj\u00f3 el techo para ganar unas elecciones presidenciales en primera vuelta de 45 a 35 por ciento y se repartieron los cargos de las instituciones del Estado.<\/p>\n<p>Por su lado, la Polic\u00eda Nacional acus\u00f3 hoy al acad\u00e9mico F\u00e9lix Maradiaga de organizar bandas delincuenciales para alterar la paz en Nicaragua desde el pasado 18 de abril.<\/p>\n<p>\u00abHemos logrado establecer la existencia de estructuras delincuenciales organizadas por el sujeto conocido como F\u00e9lix Maradiaga en conjunto con la agrupaci\u00f3n delincuencial &#8216;Viper&#8217;, dedicada al crimen organizado, narcotr\u00e1fico, terrorismo, asesinato y otros delitos conexos\u00bb, afirm\u00f3 el jefe de Auxilio Judicial de la Polic\u00eda, Luis Alberto P\u00e9rez Olivas.<\/p>\n<p>Seg\u00fan el jefe policial, esa estructura incluye \u00abla contrataci\u00f3n de sicarios para la ejecuci\u00f3n de asesinatos, tr\u00e1fico de drogas, armas y municiones, as\u00ed como terrorismo medi\u00e1tico\u00bb y operaba en el sector de la Universidad Polit\u00e9cnica de Nicaragua (Upoli), en Managua, que se mantiene tomada por un grupo de estudiantes que protestan contra el Ejecutivo.<\/p>\n<p>&nbsp;<\/p>\n<p>Fuente: <a href=\"http:\/\/www.lavanguardia.com\/internacional\/20180606\/444136301458\/piden-destituir-a-ortega-por-incapacidad-y-acusan-a-un-academico-por-crisis.html\">La Vanguardia<\/a><\/p>\n","protected":false},"excerpt":{"rendered":"<p>Managua, 5 jun (EFE).- El Partido Liberal Constitucionalista (PLC), segunda fuerza pol\u00edtica en la Asamblea Nacional (parlamento), exigi\u00f3 hoy la destituci\u00f3n del presidente Daniel Ortega y de su esposa y vicepresidenta, Rosario Murillo, por \u00abincapacidad total permanente\u00bb para ejercer sus cargos. Los diputados de ese colectivo pidieron la dimisi\u00f3n de Ortega y Murillo bajo la [&hellip;]<\/p>\n","protected":false},"author":1,"featured_media":3323,"comment_status":"closed","ping_status":"closed","sticky":false,"template":"","format":"standard","meta":{"footnotes":""},"categories":[14,2],"tags":[115,116],"class_list":["post-3322","post","type-post","status-publish","format-standard","has-post-thumbnail","hentry","category-entertainment","category-portada","tag-nicaragua","tag-ortega"],"_links":{"self":[{"href":"https:\/\/ciudadliberal.cl\/index.php?rest_route=\/wp\/v2\/posts\/3322","targetHints":{"allow":["GET"]}}],"collection":[{"href":"https:\/\/ciudadliberal.cl\/index.php?rest_route=\/wp\/v2\/posts"}],"about":[{"href":"https:\/\/ciudadliberal.cl\/index.php?rest_route=\/wp\/v2\/types\/post"}],"author":[{"embeddable":true,"href":"https:\/\/ciudadliberal.cl\/index.php?rest_route=\/wp\/v2\/users\/1"}],"replies":[{"embeddable":true,"href":"https:\/\/ciudadliberal.cl\/index.php?rest_route=%2Fwp%2Fv2%2Fcomments&post=3322"}],"version-history":[{"count":1,"href":"https:\/\/ciudadliberal.cl\/index.php?rest_route=\/wp\/v2\/posts\/3322\/revisions"}],"predecessor-version":[{"id":3324,"href":"https:\/\/ciudadliberal.cl\/index.php?rest_route=\/wp\/v2\/posts\/3322\/revisions\/3324"}],"wp:featuredmedia":[{"embeddable":true,"href":"https:\/\/ciudadliberal.cl\/index.php?rest_route=\/wp\/v2\/media\/3323"}],"wp:attachment":[{"href":"https:\/\/ciudadliberal.cl\/index.php?rest_route=%2Fwp%2Fv2%2Fmedia&parent=3322"}],"wp:term":[{"taxonomy":"category","embeddable":true,"href":"https:\/\/ciudadliberal.cl\/index.php?rest_route=%2Fwp%2Fv2%2Fcategories&post=3322"},{"taxonomy":"post_tag","embeddable":true,"href":"https:\/\/ciudadliberal.cl\/index.php?rest_route=%2Fwp%2Fv2%2Ftags&post=3322"}],"curies":[{"name":"wp","href":"https:\/\/api.w.org\/{rel}","templated":true}]}}