{"id":327,"date":"2017-03-05T04:53:30","date_gmt":"2017-03-05T04:53:30","guid":{"rendered":"https:\/\/ciudadliberal.cl\/?p=327"},"modified":"2017-03-06T03:48:23","modified_gmt":"2017-03-06T03:48:23","slug":"lee-liberal-libertad-e-igualdad-por-agusntin-squella","status":"publish","type":"post","link":"https:\/\/ciudadliberal.cl\/?p=327","title":{"rendered":"Lee Liberal: \u00abLibertad e Igualdad\u00bb por Agusnt\u00edn Squella"},"content":{"rendered":"<div class=\"row\">\n<div id=\"post-area\" class=\"col span_9\">\n<article id=\"post-1384\" class=\"regular post-1384 post type-post status-publish format-standard has-post-thumbnail hentry category-libros\">\n<div class=\"inner-wrap animated\">\n<div class=\"post-content\">\n<div class=\"content-inner\">\n<p><span class=\"post-featured-img\"><img loading=\"lazy\" decoding=\"async\" class=\"attachment-full size-full wp-post-image\" title=\"\" src=\"http:\/\/www.losliberales.cl\/wp-content\/uploads\/2017\/03\/squella.jpg\" sizes=\"auto, (max-width: 1200px) 100vw, 1200px\" srcset=\"http:\/\/www.losliberales.cl\/wp-content\/uploads\/2017\/03\/squella.jpg 1200w, http:\/\/www.losliberales.cl\/wp-content\/uploads\/2017\/03\/squella-300x198.jpg 300w, http:\/\/www.losliberales.cl\/wp-content\/uploads\/2017\/03\/squella-768x508.jpg 768w, http:\/\/www.losliberales.cl\/wp-content\/uploads\/2017\/03\/squella-1024x677.jpg 1024w\" alt=\"\" width=\"1200\" height=\"793\" \/><\/span><a href=\"https:\/\/es.wikipedia.org\/wiki\/Agust%C3%ADn_Squella#Obras_.28selecci.C3.B3n.29\">Agust\u00edn Squella Narducci <\/a>es jurista, periodista y columnista chileno. Fue premio nacional de humanidades y ciencias sociales de Chile en 2009.<\/p>\n<p>Ha sido por m\u00e1s de cuarenta a\u00f1os profesor de Introducci\u00f3n al Derecho y Filosof\u00eda del Derecho. Entre sus publicaciones se cuentan m\u00e1s de quince libros y decenas de art\u00edculos especializadas. Ha dictado seminarios y conferencias en diversas universidades nacionales y extranjeras. Entre 1990 y 1998 fue rector de la Universidad de Valpara\u00edso.<\/p>\n<p>Actualmente es profesor de la Universidad de Valpara\u00edso y hace clases en la Universidad Diego Portales, siendo adem\u00e1s miembro del Consejo Directivo Superior de esta \u00faltima casa de estudios. Tambi\u00e9n es profesor en el Doctorado en Derecho de la Universidad de Valpara\u00edso y en los programas an\u00e1logos de la Universidad de Chile y la Universidad Diego Portales.<\/p>\n<h3>Descarga y lee el libro \u201cLibertad e igualdad. Las promesas cumplidas e incumplidas de la democracia\u201d <a href=\"http:\/\/www.losliberales.cl\/wp-content\/uploads\/2017\/03\/Dialnet-LibertadEIgualdad-1985303.pdf\">aqu\u00ed<\/a>.<\/h3>\n<\/div>\n<\/div>\n<\/div>\n<\/article>\n<\/div>\n<\/div>\n","protected":false},"excerpt":{"rendered":"<p>Agust\u00edn Squella Narducci es jurista, periodista y columnista chileno. Fue premio nacional de humanidades y ciencias sociales de Chile en 2009. Ha sido por m\u00e1s de cuarenta a\u00f1os profesor de Introducci\u00f3n al Derecho y Filosof\u00eda del Derecho. Entre sus publicaciones se cuentan m\u00e1s de quince libros y decenas de art\u00edculos especializadas. Ha dictado seminarios y [&hellip;]<\/p>\n","protected":false},"author":1,"featured_media":328,"comment_status":"closed","ping_status":"closed","sticky":false,"template":"","format":"standard","meta":{"footnotes":""},"categories":[12,19],"tags":[],"class_list":["post-327","post","type-post","status-publish","format-standard","has-post-thumbnail","hentry","category-historia-liberal","category-leer-liberal"],"_links":{"self":[{"href":"https:\/\/ciudadliberal.cl\/index.php?rest_route=\/wp\/v2\/posts\/327","targetHints":{"allow":["GET"]}}],"collection":[{"href":"https:\/\/ciudadliberal.cl\/index.php?rest_route=\/wp\/v2\/posts"}],"about":[{"href":"https:\/\/ciudadliberal.cl\/index.php?rest_route=\/wp\/v2\/types\/post"}],"author":[{"embeddable":true,"href":"https:\/\/ciudadliberal.cl\/index.php?rest_route=\/wp\/v2\/users\/1"}],"replies":[{"embeddable":true,"href":"https:\/\/ciudadliberal.cl\/index.php?rest_route=%2Fwp%2Fv2%2Fcomments&post=327"}],"version-history":[{"count":2,"href":"https:\/\/ciudadliberal.cl\/index.php?rest_route=\/wp\/v2\/posts\/327\/revisions"}],"predecessor-version":[{"id":331,"href":"https:\/\/ciudadliberal.cl\/index.php?rest_route=\/wp\/v2\/posts\/327\/revisions\/331"}],"wp:featuredmedia":[{"embeddable":true,"href":"https:\/\/ciudadliberal.cl\/index.php?rest_route=\/wp\/v2\/media\/328"}],"wp:attachment":[{"href":"https:\/\/ciudadliberal.cl\/index.php?rest_route=%2Fwp%2Fv2%2Fmedia&parent=327"}],"wp:term":[{"taxonomy":"category","embeddable":true,"href":"https:\/\/ciudadliberal.cl\/index.php?rest_route=%2Fwp%2Fv2%2Fcategories&post=327"},{"taxonomy":"post_tag","embeddable":true,"href":"https:\/\/ciudadliberal.cl\/index.php?rest_route=%2Fwp%2Fv2%2Ftags&post=327"}],"curies":[{"name":"wp","href":"https:\/\/api.w.org\/{rel}","templated":true}]}}