{"id":3269,"date":"2018-05-30T11:56:11","date_gmt":"2018-05-30T15:56:11","guid":{"rendered":"https:\/\/ciudadliberal.cl\/?p=3269"},"modified":"2018-05-30T11:56:36","modified_gmt":"2018-05-30T15:56:36","slug":"felipe-kast-sobre-adopcion-homoparental-tiene-que-primar-el-interes-superior-del-nino-sin-discriminar-a-nadie","status":"publish","type":"post","link":"https:\/\/ciudadliberal.cl\/?p=3269","title":{"rendered":"Felipe Kast sobre adopci\u00f3n homoparental: \u00abTiene que primar el inter\u00e9s superior del ni\u00f1o sin discriminar a nadie\u00bb"},"content":{"rendered":"<p>&nbsp;<\/p>\n<p><iframe loading=\"lazy\" src=\"http:\/\/rudo.video\/vod\/czfNRZpnnIb\" width=\"600\" height=\"338\" allowfullscreen=\"allowfullscreen\"><\/iframe><\/p>\n<p><em>El senador sostuvo que algunos parlamentarios ponen sus \u00abconvicciones por sobre el inter\u00e9s superior del ni\u00f1o\u00bb. <\/em><\/p>\n<p>Chile Vamos se mantiene dividido sobre la eventual inclusi\u00f3n de la <strong>adopci\u00f3n homoparental en la Ley de Adopci\u00f3n<\/strong>.<\/p>\n<p class=\"rtejustify\">En el proyecto presentado por el ministro<strong> Hern\u00e1n Larra\u00edn se elimina el orden de prelaci\u00f3n<\/strong> que daba preferencia a unas familias por sobre otras.<\/p>\n<p class=\"rtejustify\">El senador de Ev\u00f3poli, <strong>Felipe Kast<\/strong>, valor\u00f3 la medida y se\u00f1al\u00f3 que\u00a0\u00ab<strong>tiene que primar el inter\u00e9s superior del ni\u00f1o sin discriminar a nadie\u00bb<\/strong>.<\/p>\n<p class=\"rtejustify\">Kast hizo una cr\u00edtica a la acci\u00f3n pol\u00edtica en la materia, asegurando que\u00a0\u00abel mundo pol\u00edtico lleg\u00f3 tarde\u00bb y que\u00a0\u00abmuchos ni\u00f1os terminan siendo cr\u00f3nicos en una residencia\u00bb.<\/p>\n<p class=\"rtejustify\">Sobre la idea de algunos parlamentarios que piensan que la adopci\u00f3n homoparental es una idea de izquierda, el senador sostuvo que espera que \u00absean ideas nuestras\u00bb, ya que lo que se est\u00e1 haciendo es \u00abponer nuestras convicciones por sobre el inter\u00e9s superior del ni\u00f1o\u00bb.<\/p>\n<p class=\"rtejustify\">Este martes el gobierno posterg\u00f3 el env\u00edo de la indicaci\u00f3n sustitutiva a la Ley de Adopciones para despu\u00e9s de la Cuenta P\u00fablica<\/p>\n<p>&nbsp;<\/p>\n<p>Fuente: <a href=\"http:\/\/www.cnnchile.com\/noticia\/2018\/05\/29\/felipe-kast-sobre-adopcion-homoparental-tiene-que-primar-el-interes-superior-del\">CNN<\/a><\/p>\n","protected":false},"excerpt":{"rendered":"<p>&nbsp; El senador sostuvo que algunos parlamentarios ponen sus \u00abconvicciones por sobre el inter\u00e9s superior del ni\u00f1o\u00bb. Chile Vamos se mantiene dividido sobre la eventual inclusi\u00f3n de la adopci\u00f3n homoparental en la Ley de Adopci\u00f3n. En el proyecto presentado por el ministro Hern\u00e1n Larra\u00edn se elimina el orden de prelaci\u00f3n que daba preferencia a unas [&hellip;]<\/p>\n","protected":false},"author":1,"featured_media":2825,"comment_status":"closed","ping_status":"closed","sticky":false,"template":"","format":"standard","meta":{"footnotes":""},"categories":[16,2,8,1],"tags":[],"class_list":["post-3269","post","type-post","status-publish","format-standard","has-post-thumbnail","hentry","category-internet","category-portada","category-street-fashion","category-sociedad-plural"],"_links":{"self":[{"href":"https:\/\/ciudadliberal.cl\/index.php?rest_route=\/wp\/v2\/posts\/3269","targetHints":{"allow":["GET"]}}],"collection":[{"href":"https:\/\/ciudadliberal.cl\/index.php?rest_route=\/wp\/v2\/posts"}],"about":[{"href":"https:\/\/ciudadliberal.cl\/index.php?rest_route=\/wp\/v2\/types\/post"}],"author":[{"embeddable":true,"href":"https:\/\/ciudadliberal.cl\/index.php?rest_route=\/wp\/v2\/users\/1"}],"replies":[{"embeddable":true,"href":"https:\/\/ciudadliberal.cl\/index.php?rest_route=%2Fwp%2Fv2%2Fcomments&post=3269"}],"version-history":[{"count":3,"href":"https:\/\/ciudadliberal.cl\/index.php?rest_route=\/wp\/v2\/posts\/3269\/revisions"}],"predecessor-version":[{"id":3272,"href":"https:\/\/ciudadliberal.cl\/index.php?rest_route=\/wp\/v2\/posts\/3269\/revisions\/3272"}],"wp:featuredmedia":[{"embeddable":true,"href":"https:\/\/ciudadliberal.cl\/index.php?rest_route=\/wp\/v2\/media\/2825"}],"wp:attachment":[{"href":"https:\/\/ciudadliberal.cl\/index.php?rest_route=%2Fwp%2Fv2%2Fmedia&parent=3269"}],"wp:term":[{"taxonomy":"category","embeddable":true,"href":"https:\/\/ciudadliberal.cl\/index.php?rest_route=%2Fwp%2Fv2%2Fcategories&post=3269"},{"taxonomy":"post_tag","embeddable":true,"href":"https:\/\/ciudadliberal.cl\/index.php?rest_route=%2Fwp%2Fv2%2Ftags&post=3269"}],"curies":[{"name":"wp","href":"https:\/\/api.w.org\/{rel}","templated":true}]}}