{"id":321,"date":"2017-03-05T04:48:45","date_gmt":"2017-03-05T04:48:45","guid":{"rendered":"https:\/\/ciudadliberal.cl\/?p=321"},"modified":"2017-03-06T03:49:22","modified_gmt":"2017-03-06T03:49:22","slug":"ruta-liberal-ramon-freire","status":"publish","type":"post","link":"https:\/\/ciudadliberal.cl\/?p=321","title":{"rendered":"Ruta Liberal: Ramon Freire"},"content":{"rendered":"<p>La historia conservadora lo presenta como un traidor a O\u2019Higgins. Una figura poca h\u00e1bil para los deberes que deb\u00eda cumplir, tantos c\u00edvicos como militares. Sin embargo Ram\u00f3n Freire est\u00e1 lejos de ser eso.<\/p>\n<p>Poseedor de varias batallas y encargado de la anexi\u00f3n de Chilo\u00e9 Freire se destac\u00f3 por sus cualidades de l\u00edder, las cuales se mostraron en el periodo en que le toco ser Director Supremo de Chile.<\/p>\n<p>Bajo sus gobiernos se dictaron la constituci\u00f3n moralista y las leyes federales, tratando de encontrar un rumbo institucional a Chile.<\/p>\n<p>Tras los problemas en las elecciones 1828, Freire asumo el mando del ej\u00e9rcito pipiolo, el cual es derrotado en la batalla de Lircay, la cual marco el fin de los procesos descentralizadores de Chile.<\/p>\n<p>Como general derrotado, fue exiliado a la Polinesia pudiendo volver a Chile en los \u00faltimos a\u00f1os de su vida.<\/p>\n<p>En la avenida Libertador B. O\u00b4higgins con calle Serrano podemos ubicar la estatua que hace honor a este militar, pol\u00edtico y pipiolo chileno, el cual lucho por las banderas de la descentralizaci\u00f3n y la libertad de Chile<\/p>\n<p>Tambi\u00e9n era posible encontrar en la escultura \u201cel \u00e1ngel de la victoria\u201d ubicada en plaza Italia una placa de bronce que hacia honor\u00a0 a Ram\u00f3n Freire, sim embargo dicha placa fue robada en el a\u00f1o 2011<\/p>\n","protected":false},"excerpt":{"rendered":"<p>La historia conservadora lo presenta como un traidor a O\u2019Higgins. Una figura poca h\u00e1bil para los deberes que deb\u00eda cumplir, tantos c\u00edvicos como militares. Sin embargo Ram\u00f3n Freire est\u00e1 lejos de ser eso. Poseedor de varias batallas y encargado de la anexi\u00f3n de Chilo\u00e9 Freire se destac\u00f3 por sus cualidades de l\u00edder, las cuales se [&hellip;]<\/p>\n","protected":false},"author":1,"featured_media":322,"comment_status":"closed","ping_status":"closed","sticky":false,"template":"","format":"standard","meta":{"footnotes":""},"categories":[12,20],"tags":[],"class_list":["post-321","post","type-post","status-publish","format-standard","has-post-thumbnail","hentry","category-historia-liberal","category-ruta-liberal"],"_links":{"self":[{"href":"https:\/\/ciudadliberal.cl\/index.php?rest_route=\/wp\/v2\/posts\/321","targetHints":{"allow":["GET"]}}],"collection":[{"href":"https:\/\/ciudadliberal.cl\/index.php?rest_route=\/wp\/v2\/posts"}],"about":[{"href":"https:\/\/ciudadliberal.cl\/index.php?rest_route=\/wp\/v2\/types\/post"}],"author":[{"embeddable":true,"href":"https:\/\/ciudadliberal.cl\/index.php?rest_route=\/wp\/v2\/users\/1"}],"replies":[{"embeddable":true,"href":"https:\/\/ciudadliberal.cl\/index.php?rest_route=%2Fwp%2Fv2%2Fcomments&post=321"}],"version-history":[{"count":2,"href":"https:\/\/ciudadliberal.cl\/index.php?rest_route=\/wp\/v2\/posts\/321\/revisions"}],"predecessor-version":[{"id":408,"href":"https:\/\/ciudadliberal.cl\/index.php?rest_route=\/wp\/v2\/posts\/321\/revisions\/408"}],"wp:featuredmedia":[{"embeddable":true,"href":"https:\/\/ciudadliberal.cl\/index.php?rest_route=\/wp\/v2\/media\/322"}],"wp:attachment":[{"href":"https:\/\/ciudadliberal.cl\/index.php?rest_route=%2Fwp%2Fv2%2Fmedia&parent=321"}],"wp:term":[{"taxonomy":"category","embeddable":true,"href":"https:\/\/ciudadliberal.cl\/index.php?rest_route=%2Fwp%2Fv2%2Fcategories&post=321"},{"taxonomy":"post_tag","embeddable":true,"href":"https:\/\/ciudadliberal.cl\/index.php?rest_route=%2Fwp%2Fv2%2Ftags&post=321"}],"curies":[{"name":"wp","href":"https:\/\/api.w.org\/{rel}","templated":true}]}}