{"id":318,"date":"2017-03-05T04:45:58","date_gmt":"2017-03-05T04:45:58","guid":{"rendered":"https:\/\/ciudadliberal.cl\/?p=318"},"modified":"2017-03-06T03:49:31","modified_gmt":"2017-03-06T03:49:31","slug":"liberales-y-la-discusion-constituyente","status":"publish","type":"post","link":"https:\/\/ciudadliberal.cl\/?p=318","title":{"rendered":"Lee Liberal: Liberales y la discusi\u00f3n constituyente"},"content":{"rendered":"<p>Con el programa de gobierno de la Nueva Mayor\u00eda, vencedor en las urnas en diciembre de 2013, se abri\u00f3 la discusi\u00f3n constituyente en Chile. Dicho programa estableci\u00f3, de forma escueta, que Chile tendr\u00eda una nueva carta fundamental por medio de un proceso democr\u00e1tico, participativo e institucional, dando pocas luces respecto del contenido espec\u00edfico y sustantivo que un eventual nuevo texto podr\u00eda recoger.<\/p>\n<p>Hoy nos encontramos en la disyuntiva respecto del procedimiento al efecto. El Gobierno ha se\u00f1alado una ruta que comienza con el proceso de educaci\u00f3n c\u00edvica para entender las \u201cconversaciones que vendr\u00e1n\u201d (de ah\u00ed la g\u00e9nesis del Constitucionario, un manual de formaci\u00f3n c\u00edvica que recurre a animales para explicar algunos conceptos relevantes para la discusi\u00f3n constituyente). <strong>La etapa que se acerca es la de cabildos ciudadanos, instancia dirigida por facilitadores y que tiene por objeto recoger las impresiones de la ciudadan\u00eda en distintos niveles de organizaci\u00f3n territorial<\/strong>, respecto de los contenidos que deber\u00eda incluir la nueva Constituci\u00f3n. Posteriormente la presidencia, recogiendo dichas inquietudes ciudadanas, promover\u00e1 una reforma constitucional para habilitarse a realizar un plebiscito respecto del mecanismo de reemplazo de la actual Constituci\u00f3n. En dicha consulta es muy probable que se imponga la opci\u00f3n de realizar una convenci\u00f3n o asamblea constituyente. No entrar\u00e9 aqu\u00ed a argumentar por qu\u00e9 es preferible la AC por sobre otras instancias con la misma misi\u00f3n, como el Congreso, pero s\u00ed lo har\u00e9 respecto de la conveniencia de sumarse.<\/p>\n<p>Sin duda, todos aquellos caratulados como defensores de una sociedad libre, debemos hacernos parte de esta iniciativa y abogar por ciertos contenidos esenciales que pueden hacer sentido en gran parte de la poblaci\u00f3n. Los liberales tienen un gran desaf\u00edo y una voz que levantar al respecto. Sobre este tema recomiendo leer el nuevo libro del acad\u00e9mico Crist\u00f3bal Bellolio,\u00a0<em>\u201cPinochet, Lagos y nosotros\u201d. <\/em>Resulta muy clarificador y adscribo casi en plenitud a su propuesta. Esta columna pretende rescatar lo que a mi juicio es lo m\u00e1s relevante del libro para las conversaciones que vendr\u00e1n, desde una perspectiva liberal.<\/p>\n<p>Partiendo de m\u00ednimos comunes de una tradici\u00f3n pol\u00edtica que no est\u00e1 exenta de diversas ramificaciones, podemos decir que es imperativo entrar en la discusi\u00f3n por varias razones: una conversaci\u00f3n de esta envergadura es necesaria en Chile. Por mucho que tengamos razones para defender ciertas instituciones que nos parecen acordes con lo que requiere el pa\u00eds para mejorar progresivamente los niveles de vida, la validaci\u00f3n de dichas piezas constitucionales no es balad\u00ed. <strong>Hoy tenemos una carta pol\u00edtica que no genera simpat\u00eda ni afecto en la ciudadan\u00eda. La desafecci\u00f3n hacia una de las principales obras de la Dictadura es evidente,<\/strong> as\u00ed lo reflejan las m\u00e1s variadas muestras de opini\u00f3n p\u00fablica. Esta es una oportunidad, como nunca antes en nuestra historia, para convenir el pacto pol\u00edtico que regir\u00e1 el Chile de los pr\u00f3ximos 50 a\u00f1os. Superar el vicio originario en el pacto, validando socialmente los principios e instituciones que ya tenemos es un paso significativo hacia su plena consolidaci\u00f3n como figuras relevantes y plenamente aceptadas en el devenir del pa\u00eds.<\/p>\n<p>En segundo lugar porque restarse del debate no es solo reconocer que en Chile existir\u00eda una hegemon\u00eda evidente de sectores progresistas y de izquierda, sino que tambi\u00e9n ser\u00eda replicar el escenario de la Constituci\u00f3n de 1980, acaso en sentido inverso; la imposici\u00f3n de un modelo de sociedad y desarrollo por sobre otro, que simplemente se ve sometido a seguir las directrices jur\u00eddicas y pol\u00edticas de un determinado momento, por la circunstancia hist\u00f3rica que lo respalda. <strong>Esta idea es atractiva para la izquierda que ve esta oportunidad no como una instancia de di\u00e1logo sincero en aras de construir \u201cla casa de todos\u201d, sino como un instrumento para pasar la aplanadora ideol\u00f3gica y petrificar hasta sus posiciones pol\u00edticas m\u00e1s accidentales<\/strong> (esto queda de manifiesto en diversas agrupaciones que est\u00e1n por la AC; organizaciones pol\u00edticas y ciudadanas que hacen \u00e9nfasis en la iniciativa para concretar demandas sustantivas). Evitar esto es necesario e imperioso.<\/p>\n<p>En tercer lugar me parece necesario porque puede ser el momento de pasar a la ofensiva y posicionar ciertas ideas que, bajo nuestro ideario, consideramos necesario que se incluyan en la g\u00e9nesis constitucional. La idea de una Constituci\u00f3n m\u00ednima, por ejemplo, es una de las que ha rondado el debate. La Constituci\u00f3n ser\u00eda una herramienta meramente procedimental de los acuerdos de las distintas fuerzas pol\u00edticas y consagrar\u00eda los derechos y libertades esenciales de las personas. El resto quedar\u00eda al libre juego de la formaci\u00f3n de mayor\u00edas a nivel legal. Esto de cierta manera puede ser un peligro para muchas de las posiciones que consideramos correctas y que hoy se encuentran petrificadas de cierto modo en la actual normativa constitucional, pero es un riesgo que debemos correr si queremos una Constituci\u00f3n que sea un pacto social validado por todos los actores y representativo del sentir nacional. <strong>La fuerza de nuestra argumentaci\u00f3n y nuestra capacidad de incidir en la formaci\u00f3n de las mayor\u00edas representativas de la AC es la mejor garant\u00eda para evitar la aplanadora ideol\u00f3gica y la inamovilidad de las posiciones contrarias.<\/strong><\/p>\n<p>En las definiciones sustantivas, que s\u00f3lo deben explicitarse en un estadio posterior del proceso, si se quiere ser lo m\u00e1s convocante posible, las distintas fuerzas liberales debieran coincidir en una serie de principios, derechos y libertades. Mantener la supremac\u00eda de la persona; la servicialidad del Estado; las libertades negativas (\u00e1mbito de libertad en que el Estado no debe inmiscuirse) y las consagradas en el art. 19 de la actual Constituci\u00f3n;\u00a0 la divisi\u00f3n y desconcentraci\u00f3n del poder; el respeto de los proyectos de vida individual, sin la bota moralizante del Estado de por medio y la declaraci\u00f3n completa de la laicidad del Estado. Todos ellos son s\u00f3lo algunos ejemplos de lo que debe unirnos en el debate constituyente, que sin duda es inevitable.<\/p>\n<p>Por Diego Villalobos http:\/\/www.elquintopoder.cl\/politica\/liberales-y-la-discusion-constituyente\/<\/p>\n","protected":false},"excerpt":{"rendered":"<p>Con el programa de gobierno de la Nueva Mayor\u00eda, vencedor en las urnas en diciembre de 2013, se abri\u00f3 la discusi\u00f3n constituyente en Chile. Dicho programa estableci\u00f3, de forma escueta, que Chile tendr\u00eda una nueva carta fundamental por medio de un proceso democr\u00e1tico, participativo e institucional, dando pocas luces respecto del contenido espec\u00edfico y sustantivo [&hellip;]<\/p>\n","protected":false},"author":1,"featured_media":319,"comment_status":"closed","ping_status":"closed","sticky":false,"template":"","format":"standard","meta":{"footnotes":""},"categories":[12,19],"tags":[],"class_list":["post-318","post","type-post","status-publish","format-standard","has-post-thumbnail","hentry","category-historia-liberal","category-leer-liberal"],"_links":{"self":[{"href":"https:\/\/ciudadliberal.cl\/index.php?rest_route=\/wp\/v2\/posts\/318","targetHints":{"allow":["GET"]}}],"collection":[{"href":"https:\/\/ciudadliberal.cl\/index.php?rest_route=\/wp\/v2\/posts"}],"about":[{"href":"https:\/\/ciudadliberal.cl\/index.php?rest_route=\/wp\/v2\/types\/post"}],"author":[{"embeddable":true,"href":"https:\/\/ciudadliberal.cl\/index.php?rest_route=\/wp\/v2\/users\/1"}],"replies":[{"embeddable":true,"href":"https:\/\/ciudadliberal.cl\/index.php?rest_route=%2Fwp%2Fv2%2Fcomments&post=318"}],"version-history":[{"count":2,"href":"https:\/\/ciudadliberal.cl\/index.php?rest_route=\/wp\/v2\/posts\/318\/revisions"}],"predecessor-version":[{"id":332,"href":"https:\/\/ciudadliberal.cl\/index.php?rest_route=\/wp\/v2\/posts\/318\/revisions\/332"}],"wp:featuredmedia":[{"embeddable":true,"href":"https:\/\/ciudadliberal.cl\/index.php?rest_route=\/wp\/v2\/media\/319"}],"wp:attachment":[{"href":"https:\/\/ciudadliberal.cl\/index.php?rest_route=%2Fwp%2Fv2%2Fmedia&parent=318"}],"wp:term":[{"taxonomy":"category","embeddable":true,"href":"https:\/\/ciudadliberal.cl\/index.php?rest_route=%2Fwp%2Fv2%2Fcategories&post=318"},{"taxonomy":"post_tag","embeddable":true,"href":"https:\/\/ciudadliberal.cl\/index.php?rest_route=%2Fwp%2Fv2%2Ftags&post=318"}],"curies":[{"name":"wp","href":"https:\/\/api.w.org\/{rel}","templated":true}]}}