{"id":3147,"date":"2018-05-10T10:45:43","date_gmt":"2018-05-10T14:45:43","guid":{"rendered":"https:\/\/ciudadliberal.cl\/?p=3147"},"modified":"2018-05-10T10:46:10","modified_gmt":"2018-05-10T14:46:10","slug":"3147","status":"publish","type":"post","link":"https:\/\/ciudadliberal.cl\/?p=3147","title":{"rendered":"El primer a\u00f1o de Macron&#8230; ya quisiera Albert Rivera"},"content":{"rendered":"<div class=\"mce-body mce\">\n<p class=\"mce\">La Bolsa de Par\u00eds ha celebrado el primer aniversario del triunfo de Emmanuel Macron subiendo m\u00e1s que cualquier otra europea. Adem\u00e1s, la gesti\u00f3n del nuevo presidente cuenta con un alto grado de aprobaci\u00f3n por parte de la ciudadan\u00eda (45 %), pr\u00e1cticamente la totalidad de su electorado de 2017 volver\u00eda a votarle y las protestas contra sus reformas han sido puntuales y nunca masivas. Por el momento Macron domina la pol\u00edtica francesa de modo casi omn\u00edmodo y el presidente tambi\u00e9n ha logrado que Francia recupere algo de la presencia internacional perdida por su predecesor Hollande. Sin embargo, no ha conseguido en absoluto que Alemania se acerque a sus ideas para reformar la UE en el terreno financiero y fiscal.<\/p>\n<p class=\"mce\">La econom\u00eda francesa cerr\u00f3 2017 con un crecimiento del PIB del 2,2 %, la tasa m\u00e1s alta desde hace casi una d\u00e9cada. La inversi\u00f3n extranjera en Francia sigue creciendo. Y los grandes diarios econ\u00f3micos aseguran que el mundo de los negocios, franc\u00e9s e internacional, apoya vivamente la pol\u00edtica \u201cpro-business\u201d del presidente franc\u00e9s, sus rebajas de impuestos a las empresas y al capital y su decidida apuesta por la flexibilizaci\u00f3n del mercado de trabajo.<\/p>\n<p class=\"mce\">Fuentes no tan entusiastas sospechan sin embargo que una parte del \u00e9xito econ\u00f3mico de Macron se debe al crecimiento que ha registrado toda Europa \u2013al menos hasta hace poco, que todo indica que ya hay un par\u00f3n-, al petr\u00f3leo barato y al bajo coste del dinero que ha propiciado el BCE. Y temen que a partir de ahora las cosas pueden ser m\u00e1s dif\u00edciles. Los m\u00e1s cr\u00edticos con el presidente dicen incluso que Macron corre el riesgo de terminar como el l\u00edder del centro-izquierda italiano Matteo Renzi, un ambicioso reformista que empez\u00f3 subiendo a las alturas y en menos de tres a\u00f1os termin\u00f3 derrotado y casi fuera de la pol\u00edtica.<\/p>\n<p class=\"mce\">Son comparaciones muy forzadas. Francia e Italia son pa\u00edses muy diferentes, aunque compartan algunos problemas, y Macron tiene un capital pol\u00edtico que su colega italiano nunca so\u00f1\u00f3. Cuenta con un partido nuevo \u2013\u201cRepublique en marche\u201d- que tiene la mayor\u00eda del parlamento y ninguna de las formaciones pol\u00edticas tradicionales, de izquierda o de derecha, le hace la m\u00ednima sombra y frente a \u00e9l \u00fanicamente se alza la izquierda radical encabezada por Jean Luc Melenchon, tras de que la ultraderecha haya entrado en una crisis existencial tras su derrota en las presidenciales de 2017.<\/p>\n<p class=\"mce\">Pero, seguramente por encima de todo eso, tiene a su favor una constituci\u00f3n que otorga al presidente poderes extraordinarios para ejercer la acci\u00f3n pol\u00edtica sin pedir permiso a nadie y seguramente mayores incluso de los que goza el primer mandatario norteamericano. Y Macron los est\u00e1 utilizando sin l\u00edmites. Hiperactivo, controlador hasta los m\u00ednimos detalles, ha creado una estructura de mando que depende estrictamente de \u00e9l hasta el punto de que algunos columnistas franceses lo est\u00e1n empezando a comparar a Napole\u00f3n Bonaparte.<\/p>\n<p class=\"mce\">Su prioridad hasta el momento ha sido restablecer la confianza del mundo empresarial y financiero. Ha dejado para m\u00e1s adelante la atenci\u00f3n a los problemas de la Francia trabajadora y popular, aunque ha prometido reformas tambi\u00e9n en este terreno. Lo cierto es que su estilo de ganador decidido y la mejora relativa de la econom\u00eda no han suscitado hasta ahora una reacci\u00f3n suficiente para hacerle cambiar de rumbo.<\/p>\n<p class=\"mce\">Dos cuestiones, aparte de las inc\u00f3gnitas sobre la econom\u00eda, ennegrecen su futuro. Una es la de la pol\u00edtica migratoria, un formidable desaf\u00edo en un pa\u00eds que tiene casi tres veces m\u00e1s de inmigrantes que Espa\u00f1a y en el que una parte importante de la poblaci\u00f3n aut\u00f3ctona mantiene posiciones a veces no muy alejadas de la xenofobia. La otra es conseguir que Alemania y el resto de la Europa m\u00e1s rica acepten sus propuestas de compartir los riesgos financieros y de crear un presupuesto \u00fanico para la UE, que fueron dos de sus principales banderas de su campa\u00f1a electoral.<\/p>\n<p class=\"mce\">Si en el caso de la pol\u00edtica migratoria \u2013el principal desaf\u00edo en todos los pa\u00edses de la Uni\u00f3n-, Macron a\u00fan no ha avanzado m\u00e1s que ideas generales, sus ambiciones en el terreno europeo hasta el momento se han visto frustradas y todo indica que eso mismo puede seguirle ocurriendo en el futuro. Macron gan\u00f3 cuando Francia era el gran enfermo de Europa, y seguramente lo hizo por eso, mientras Alemania era el pa\u00eds pol\u00edticamente m\u00e1s fuerte. Ahora la situaci\u00f3n es la contraria: Angela Merkel sobrevive en precario, asociada a unos socialdem\u00f3cratas que viven su peor momento, y en esas condiciones el pa\u00eds germano no est\u00e1 dispuesto a cambiar nada. Macron puede terminar pag\u00e1ndolo.<\/p>\n<p class=\"mce\">Dicho lo dicho, \u00bfa alguien le suena que lo que se ha expuesto hasta aqu\u00ed tiene algo que ver con Albert Rivera y su Ciudadanos? S\u00ed, que tambi\u00e9n nuestro compatriota quiere vaciar a un tiempo al PP y al PSOE para erigirse como \u00fanica instancia de poder frente a ellos. Pero va lento, demasiado lento en su camino como para que su trayectoria se parezca m\u00ednimamente a la de Macron. Que en menos de tres a\u00f1os, viniendo de fuera de la pol\u00edtica \u2013aunque de los m\u00e1s altos niveles del poder financiero- cre\u00f3 de la nada un nuevo partido, gan\u00f3 la presidencia, dejando de paso KO, seguramente para siempre, al otrora poderoso Partido Socialista y fuertemente tocado, tambi\u00e9n por mucho tiempo, al de la derecha. Tambi\u00e9n porque el electorado franc\u00e9s comprendi\u00f3 casi de la noche a la ma\u00f1ana que \u00e9l era el \u00fanico que pod\u00eda hacer frente con eficacia al desaf\u00edo ultraderechista de Marine Le Pen.<\/p>\n<p class=\"mce\">Nada, o casi nada de eso, existe en el panorama pol\u00edtico espa\u00f1ol. Aparte de que los dos personajes tienen poco que ver entre s\u00ed, aparte de ser ambos j\u00f3venes. Macron es un peso pesado por donde quiera que se le mire. Cuenta con una formaci\u00f3n acad\u00e9mica del m\u00e1ximo nivel en un pa\u00eds en que ese nivel es muy alto. Y con una experiencia profesional tambi\u00e9n de primer orden. Fue un jefazo nada m\u00e1s y nada menos que de la Banca Rotschild y ministro de econom\u00eda de Fran\u00e7ois Hollande. La biograf\u00eda de Albert Rivera es mucho m\u00e1s modesta, por decir algo. S\u00ed, habla bien. Pero con eso no se va muy lejos cuando se trata hacer frente a los problemas de un pa\u00eds.<\/p>\n<\/div>\n<p>Fuente: https:\/\/www.eldiario.es\/zonacritica\/primer-Macron-quisiera-Albert-Rivera_6_769283100.html<\/p>\n","protected":false},"excerpt":{"rendered":"<p>La Bolsa de Par\u00eds ha celebrado el primer aniversario del triunfo de Emmanuel Macron subiendo m\u00e1s que cualquier otra europea. Adem\u00e1s, la gesti\u00f3n del nuevo presidente cuenta con un alto grado de aprobaci\u00f3n por parte de la ciudadan\u00eda (45 %), pr\u00e1cticamente la totalidad de su electorado de 2017 volver\u00eda a votarle y las protestas contra [&hellip;]<\/p>\n","protected":false},"author":1,"featured_media":3148,"comment_status":"closed","ping_status":"closed","sticky":false,"template":"","format":"standard","meta":{"footnotes":""},"categories":[14,2],"tags":[],"class_list":["post-3147","post","type-post","status-publish","format-standard","has-post-thumbnail","hentry","category-entertainment","category-portada"],"_links":{"self":[{"href":"https:\/\/ciudadliberal.cl\/index.php?rest_route=\/wp\/v2\/posts\/3147","targetHints":{"allow":["GET"]}}],"collection":[{"href":"https:\/\/ciudadliberal.cl\/index.php?rest_route=\/wp\/v2\/posts"}],"about":[{"href":"https:\/\/ciudadliberal.cl\/index.php?rest_route=\/wp\/v2\/types\/post"}],"author":[{"embeddable":true,"href":"https:\/\/ciudadliberal.cl\/index.php?rest_route=\/wp\/v2\/users\/1"}],"replies":[{"embeddable":true,"href":"https:\/\/ciudadliberal.cl\/index.php?rest_route=%2Fwp%2Fv2%2Fcomments&post=3147"}],"version-history":[{"count":2,"href":"https:\/\/ciudadliberal.cl\/index.php?rest_route=\/wp\/v2\/posts\/3147\/revisions"}],"predecessor-version":[{"id":3150,"href":"https:\/\/ciudadliberal.cl\/index.php?rest_route=\/wp\/v2\/posts\/3147\/revisions\/3150"}],"wp:featuredmedia":[{"embeddable":true,"href":"https:\/\/ciudadliberal.cl\/index.php?rest_route=\/wp\/v2\/media\/3148"}],"wp:attachment":[{"href":"https:\/\/ciudadliberal.cl\/index.php?rest_route=%2Fwp%2Fv2%2Fmedia&parent=3147"}],"wp:term":[{"taxonomy":"category","embeddable":true,"href":"https:\/\/ciudadliberal.cl\/index.php?rest_route=%2Fwp%2Fv2%2Fcategories&post=3147"},{"taxonomy":"post_tag","embeddable":true,"href":"https:\/\/ciudadliberal.cl\/index.php?rest_route=%2Fwp%2Fv2%2Ftags&post=3147"}],"curies":[{"name":"wp","href":"https:\/\/api.w.org\/{rel}","templated":true}]}}