{"id":3144,"date":"2018-05-10T10:37:17","date_gmt":"2018-05-10T14:37:17","guid":{"rendered":"https:\/\/ciudadliberal.cl\/?p=3144"},"modified":"2018-05-10T10:37:17","modified_gmt":"2018-05-10T14:37:17","slug":"todos-detras-de-evopoli","status":"publish","type":"post","link":"https:\/\/ciudadliberal.cl\/?p=3144","title":{"rendered":"\u00bfTodos detr\u00e1s de Ev\u00f3poli?"},"content":{"rendered":"<p><em>Por Antonio Correa<\/em><\/p>\n<p>As\u00ed como las sociedades tienen los gobernantes que se merecen, podemos decir que los sectores pol\u00edticos tambi\u00e9n van generando liderazgos \u2013personales o colectivos\u2013 correlativos a sus momentos. No es de extra\u00f1ar, por tanto, que en un sector donde por a\u00f1os se apel\u00f3 a la idea de autonom\u00eda individual, al mismo tiempo \u2013y sin intento de armonizar con ideas que supon\u00edan grandes limitaciones a esa autonom\u00eda\u2013 se fuera incubando un proyecto como de Ev\u00f3poli. Hay un gran m\u00e9rito en constituir un partido y hacerlo crecer, porque nada es autom\u00e1tico, pero a\u00fan hay \u2013al menos\u2013 dos desaf\u00edos si lo que se pretende es hacerlo perdurar en el tiempo.<\/p>\n<div id=\"min_ad_12191708\">\n<div id=\"min_ad_12191708_apn_expandable_15259604717602353\">El primero es que la referencia desnuda de mayor sustancia y complejidad a la idea de libertad \u2013o liberalismo\u2013 es insuficiente para configurar una acci\u00f3n pol\u00edtica. Varias voces ya han recordado que son muchas \u2013y muy diferentes en grado\u2013 las corrientes liberales por lo que se hace necesaria mayor especificaci\u00f3n al invocar el t\u00e9rmino. Ahonda este problema el que no parezcan advertir las tensiones que genera una aplicaci\u00f3n no mediada de la autonom\u00eda absoluta, lo que podr\u00eda a la larga pasarle la cuenta. Por ejemplo, en Ev\u00f3poli pareciera aspirarse por la igualdad de oportunidades y cierta distribuci\u00f3n de la riqueza, pero el solo hecho de nombrar dichas ideas no borra la dificultad que plantea generar escenarios de igualdad inicial (\u00bfes posible?) o de mayor igualdad econ\u00f3mica, sin intervenir la autonom\u00eda y libertad de muchos ciudadanos. Hasta hoy, esos problemas parecen ser obviados.<\/div>\n<\/div>\n<p>El segundo desaf\u00edo es pol\u00edtico y es quiz\u00e1s un problema general de todos los nuevos movimientos. Ev\u00f3poli ha pretendido que todo el conglomerado (Chile Vamos) deba compartir sus ideas, denunciando aqu\u00ed y all\u00e1 cuando alguno no lo hace.\u00a0 Las coaliciones pol\u00edticas \u2013o sea agrupaciones de m\u00e1s de un partido\u2013 suponen ciertas diferencias m\u00e1s o menos importantes, y su sobrevivencia estriba en la capacidad para administrarlas al tiempo que se las valora en alguna medida. Por algo se trabaja bajo un mismo paragua y no desde la vereda contraria. Pero la actitud del partido de Felipe Kast transmite se\u00f1ales confusas: se define esencialmente desde dicha coalici\u00f3n, pero muestra incomodidad permanente \u2013a ratos incluso con su gobierno\u2013 y no ceja en su af\u00e1n de confrontaci\u00f3n interna.<\/p>\n<p>Un ejemplo parecido es lo que ocurre con el Frente Amplio y sus cr\u00edticas a la (ex) Nueva Mayor\u00eda: van m\u00e1s all\u00e1 de lo que puede soportar la <em>affectio societatis<\/em> pol\u00edtica. Precisamente por eso los j\u00f3venes del Frente Amplio no han buscado formar parte de ella. \u00bfTiene Ev\u00f3poli diferencias esenciales con su coalici\u00f3n? \u00bfEs la distancia con la UDI \u2013quiz\u00e1s con su presidenta\u2013 de la hondura de la que separa a socios de adversarios?<\/p>\n<p>Pero quiz\u00e1s lo m\u00e1s complejo es que el af\u00e1n de conquista \u201cideol\u00f3gica\u201d del conglomerado ha sido ratificado por pol\u00edticos de otros partidos \u2013y del gobierno\u2013 que se han sumado sin m\u00e1s a esta nueva ola de los tiempos. Pero su miop\u00eda no les deja ver la orfandad en que dejan amplios sectores de Chile Vamos que no se definen como liberales \u2013conservadores y socialcristianos, por nombrar algunos\u2013. A unos los obligan a crear su propia casa, al ya haber tornado la propia tienda en irreconocible; a otros, los entregan en las manos de movimientos que surgen m\u00e1s all\u00e1 de la propia coalici\u00f3n. As\u00ed, el desaf\u00edo no es s\u00f3lo la sostenibilidad de Ev\u00f3poli en el tiempo, sino que tambi\u00e9n la de la coalici\u00f3n misma: debe equilibrar la carga interna y al mismo tiempo evitar las fugaz, si se quiere flotar hasta buen puerto.<\/p>\n<p>&nbsp;<\/p>\n<p>Fuente: https:\/\/www.radioagricultura.cl\/opinion\/2018\/05\/09\/todos-detras-de-evopoli.html<\/p>\n","protected":false},"excerpt":{"rendered":"<p>Por Antonio Correa As\u00ed como las sociedades tienen los gobernantes que se merecen, podemos decir que los sectores pol\u00edticos tambi\u00e9n van generando liderazgos \u2013personales o colectivos\u2013 correlativos a sus momentos. No es de extra\u00f1ar, por tanto, que en un sector donde por a\u00f1os se apel\u00f3 a la idea de autonom\u00eda individual, al mismo tiempo \u2013y [&hellip;]<\/p>\n","protected":false},"author":1,"featured_media":3145,"comment_status":"closed","ping_status":"closed","sticky":false,"template":"","format":"standard","meta":{"footnotes":""},"categories":[16,2,13],"tags":[40,52],"class_list":["post-3144","post","type-post","status-publish","format-standard","has-post-thumbnail","hentry","category-internet","category-portada","category-voces","tag-evopoli","tag-politica"],"_links":{"self":[{"href":"https:\/\/ciudadliberal.cl\/index.php?rest_route=\/wp\/v2\/posts\/3144","targetHints":{"allow":["GET"]}}],"collection":[{"href":"https:\/\/ciudadliberal.cl\/index.php?rest_route=\/wp\/v2\/posts"}],"about":[{"href":"https:\/\/ciudadliberal.cl\/index.php?rest_route=\/wp\/v2\/types\/post"}],"author":[{"embeddable":true,"href":"https:\/\/ciudadliberal.cl\/index.php?rest_route=\/wp\/v2\/users\/1"}],"replies":[{"embeddable":true,"href":"https:\/\/ciudadliberal.cl\/index.php?rest_route=%2Fwp%2Fv2%2Fcomments&post=3144"}],"version-history":[{"count":1,"href":"https:\/\/ciudadliberal.cl\/index.php?rest_route=\/wp\/v2\/posts\/3144\/revisions"}],"predecessor-version":[{"id":3146,"href":"https:\/\/ciudadliberal.cl\/index.php?rest_route=\/wp\/v2\/posts\/3144\/revisions\/3146"}],"wp:featuredmedia":[{"embeddable":true,"href":"https:\/\/ciudadliberal.cl\/index.php?rest_route=\/wp\/v2\/media\/3145"}],"wp:attachment":[{"href":"https:\/\/ciudadliberal.cl\/index.php?rest_route=%2Fwp%2Fv2%2Fmedia&parent=3144"}],"wp:term":[{"taxonomy":"category","embeddable":true,"href":"https:\/\/ciudadliberal.cl\/index.php?rest_route=%2Fwp%2Fv2%2Fcategories&post=3144"},{"taxonomy":"post_tag","embeddable":true,"href":"https:\/\/ciudadliberal.cl\/index.php?rest_route=%2Fwp%2Fv2%2Ftags&post=3144"}],"curies":[{"name":"wp","href":"https:\/\/api.w.org\/{rel}","templated":true}]}}