{"id":3141,"date":"2018-05-10T10:01:47","date_gmt":"2018-05-10T14:01:47","guid":{"rendered":"https:\/\/ciudadliberal.cl\/?p=3141"},"modified":"2018-05-10T10:01:47","modified_gmt":"2018-05-10T14:01:47","slug":"matapasiones","status":"publish","type":"post","link":"https:\/\/ciudadliberal.cl\/?p=3141","title":{"rendered":"Matapasiones"},"content":{"rendered":"<p><em>Por Crist\u00f3bal Bellolio<\/em><\/p>\n<p>Soledad Alvear y Gutenberg Mart\u00ednez renuncian a la Democracia Cristiana, partido en el cual militaron por cincuenta a\u00f1os. <strong>Dicen que se van para construir un nuevo referente que sea capaz de transmitir de mejor manera los principios del humanismo cristiano<\/strong>. Probablemente, la renuncia tambi\u00e9n tenga que ver con que perdieron el control interno. Pero esta columna ve caras y no corazones. La pregunta es si acaso un proyecto como el que trama el t\u00e1ndem Alvear \u2013 Mart\u00ednez tiene futuro en el Chile actual. La respuesta no es auspiciosa.<\/p>\n<p>Que la Democracia Cristiana es un partido en franco declive no es un misterio. La evidencia se\u00f1ala que ha perdido un mill\u00f3n de votos en algunos lustros y que su influencia se ha debilitado dram\u00e1ticamente en el mundo de la centroizquierda. El problema electoral, sin embargo, es un s\u00edntoma. Hay dos hip\u00f3tesis que explican mejor la enfermedad que aqueja a la otrora poderosa DC. La primera es ideol\u00f3gica: la Falange de Frei Montalva y compa\u00f1\u00eda irrumpe a mediados del siglo pasado como alternativa socialcristiana reformista al programa revolucionario del marxismo ateo, por el lado izquierdo, y al programa conservador aliado del \u201ccapitalismo salvaje\u201d, por la derecha. En ese escenario, la DC encontr\u00f3 un nicho ecol\u00f3gico que le permiti\u00f3 crecer y desplegarse hasta transformarse en el partido m\u00e1s grande de Chile. <strong>La interrogante es si acaso dicho nicho ecol\u00f3gico sigue existiendo<\/strong>. El socialismo se democratiz\u00f3 y a la derecha le empezaron a importar los pobres. La l\u00f3gica normativa de los tiempos gira en torno a discursos de autonom\u00eda y derechos individuales. El debate liberal \u2013 comunitario termin\u00f3 en los ochenta. <strong>\u00bfQu\u00e9 aporte distintivo puede hacer la filosof\u00eda de Maritain en el Chile del a\u00f1o 2018?<\/strong> No es una pregunta sarc\u00e1stica: es fundamental contestarla.<\/p>\n<p>La segunda es generacional. Los militantes que se emocionaron hasta las l\u00e1grimas con la Marcha de Patria Joven en los sesenta van camino al cementerio. Este no es un problema de conducci\u00f3n pol\u00edtica: es el ciclo de la vida. <strong>La DC es un partido viejo y, principalmente, <em>de<\/em> viejos. Todav\u00eda le queda suficiente stock. El drama es que no tiene mucho flujo<\/strong>. Confesarse democratacristiano a los veinte a\u00f1os es casi <em>matapasiones<\/em>. Los partidos sin cantera pueden sobrevivir un buen tiempo, pero el futuro no les pertenece. Los mejores socialcristianos de mi cohorte ya partieron buscando puertos que representen mejor la experiencia hist\u00f3rica de su generaci\u00f3n. Algunos se fueron a Revoluci\u00f3n Democr\u00e1tica (a fin, de cuentas, en su vivencia cultural ya se difumin\u00f3 la l\u00ednea divisoria entre humanistas cristianos y humanistas laicos), otros podr\u00edan sentirse interpretados por el socialcristianismo que se anida en Renovaci\u00f3n Nacional \u2013una frecuencia ideol\u00f3gica que interpreta sinceramente a su nuevo timonel Mario Desbordes. Justamente por RN acaba de fichar el diputado Diego Schalpern, fundador del colectivo universitario Solidaridad, lo m\u00e1s parecido a una nueva Falange en la UC. Otros tantos se encuentran en estado de absoluta desorientaci\u00f3n: <strong>no es posible quedarse en un barco que se hunde, no es moralmente permitido girar a la derecha, y no es digno rogarles a los hermanos chicos un espacio en sus nuevos referentes<\/strong>.<\/p>\n<p>Si todo esto ya es problem\u00e1tico dentro de la DC, no queda claro en qu\u00e9 sentido estos obst\u00e1culos tienen soluci\u00f3n fuera de ella. <strong>Si la primera hip\u00f3tesis es correcta, entonces el discurso comunitarista socialcristiano enfrentar\u00e1 las mismas dificultades<\/strong>. <strong>Si la segunda hip\u00f3tesis es correcta, entonces el proyecto al que invita el Gute es igualmente <em>matapasiones<\/em> para las nuevas generaciones<\/strong>. Leyendo estos contratiempos, Mart\u00ednez anticipa que el liderazgo del nuevo movimiento lo deben tomar los j\u00f3venes. Llega diez a\u00f1os tarde. Eso era lo que hab\u00eda que hacer <em>pre<\/em>-MEO. Despu\u00e9s del 2011, especialmente, las lealtades e identidades pol\u00edticas de la nueva generaci\u00f3n quedaron m\u00e1s o menos fijadas -tal como antes hab\u00edan quedado fijadas en 1988 o en 1973- y la tribu Gutista ya no empalm\u00f3 con este clivaje. <strong>El barco de la renovaci\u00f3n zarp\u00f3 y los dej\u00f3 abajo<\/strong>.<\/p>\n<p>Gutenberg Mart\u00ednez compara su renuncia a la m\u00edtica secesi\u00f3n del Partido Conservador que dio origen a la Falange en los a\u00f1os treinta. Tiene un punto: muchos partidos nacen de la costilla de uno anterior. La diferencia es que aquella renuncia la protagonizan j\u00f3venes con toda la energ\u00eda y la vida por delante para construir un partido desde sus cimientos: Eduardo Frei Montalva, Rafael Agust\u00edn Gumucio, Radomiro Tomic, Edmundo P\u00e9rez Zujovic, Manuel Antonio Garret\u00f3n, entre otros. Lo de Alvear y Mart\u00ednez, en cambio, se parece mucho m\u00e1s a la salida de Fernando Flores y Jorge Schaulsohn del PPD: <strong>dirigentes hist\u00f3ricos, pero con escaso poder de convocatoria para imprimirle fuerza a un nuevo animal partidario<\/strong>. El Gute piensa en una nueva Falange. Lo m\u00e1s probable es que termine en otro ChilePrimero.<\/p>\n<p>Quiz\u00e1s Gutenberg Mart\u00ednez tenga raz\u00f3n y sea hora de abandonar un barco que se hunde. Pero las balsas de salvataje no llegar\u00e1n muy lejos con las condiciones clim\u00e1tico-ideol\u00f3gicas del pa\u00eds y una tripulaci\u00f3n que apenas se puede los remos.<\/p>\n<p>Fuente: http:\/\/www.theclinic.cl\/2018\/05\/06\/columna-cristobal-bellolio-matapasiones\/<\/p>\n<p>&nbsp;<\/p>\n<p>&nbsp;<\/p>\n","protected":false},"excerpt":{"rendered":"<p>Por Crist\u00f3bal Bellolio Soledad Alvear y Gutenberg Mart\u00ednez renuncian a la Democracia Cristiana, partido en el cual militaron por cincuenta a\u00f1os. Dicen que se van para construir un nuevo referente que sea capaz de transmitir de mejor manera los principios del humanismo cristiano. Probablemente, la renuncia tambi\u00e9n tenga que ver con que perdieron el control [&hellip;]<\/p>\n","protected":false},"author":1,"featured_media":3142,"comment_status":"closed","ping_status":"closed","sticky":false,"template":"","format":"standard","meta":{"footnotes":""},"categories":[16,2,13],"tags":[57,58,59],"class_list":["post-3141","post","type-post","status-publish","format-standard","has-post-thumbnail","hentry","category-internet","category-portada","category-voces","tag-democracia-cristiana","tag-politica-chilena","tag-soledad-alvear"],"_links":{"self":[{"href":"https:\/\/ciudadliberal.cl\/index.php?rest_route=\/wp\/v2\/posts\/3141","targetHints":{"allow":["GET"]}}],"collection":[{"href":"https:\/\/ciudadliberal.cl\/index.php?rest_route=\/wp\/v2\/posts"}],"about":[{"href":"https:\/\/ciudadliberal.cl\/index.php?rest_route=\/wp\/v2\/types\/post"}],"author":[{"embeddable":true,"href":"https:\/\/ciudadliberal.cl\/index.php?rest_route=\/wp\/v2\/users\/1"}],"replies":[{"embeddable":true,"href":"https:\/\/ciudadliberal.cl\/index.php?rest_route=%2Fwp%2Fv2%2Fcomments&post=3141"}],"version-history":[{"count":1,"href":"https:\/\/ciudadliberal.cl\/index.php?rest_route=\/wp\/v2\/posts\/3141\/revisions"}],"predecessor-version":[{"id":3143,"href":"https:\/\/ciudadliberal.cl\/index.php?rest_route=\/wp\/v2\/posts\/3141\/revisions\/3143"}],"wp:featuredmedia":[{"embeddable":true,"href":"https:\/\/ciudadliberal.cl\/index.php?rest_route=\/wp\/v2\/media\/3142"}],"wp:attachment":[{"href":"https:\/\/ciudadliberal.cl\/index.php?rest_route=%2Fwp%2Fv2%2Fmedia&parent=3141"}],"wp:term":[{"taxonomy":"category","embeddable":true,"href":"https:\/\/ciudadliberal.cl\/index.php?rest_route=%2Fwp%2Fv2%2Fcategories&post=3141"},{"taxonomy":"post_tag","embeddable":true,"href":"https:\/\/ciudadliberal.cl\/index.php?rest_route=%2Fwp%2Fv2%2Ftags&post=3141"}],"curies":[{"name":"wp","href":"https:\/\/api.w.org\/{rel}","templated":true}]}}