{"id":2739,"date":"2017-11-28T08:46:15","date_gmt":"2017-11-28T12:46:15","guid":{"rendered":"https:\/\/ciudadliberal.cl\/?p=2739"},"modified":"2017-11-28T08:46:15","modified_gmt":"2017-11-28T12:46:15","slug":"red-liberal-da-libertad-de-accion-a-sus-miembros","status":"publish","type":"post","link":"https:\/\/ciudadliberal.cl\/?p=2739","title":{"rendered":"Red Liberal da libertad de acci\u00f3n a sus miembros"},"content":{"rendered":"<p>Red Liberal decidio dar libertad de acci\u00f3n a sus miembros, en cuanto a la segunda vuelta. A continuaci\u00f3n replicamos su declaraci\u00f3n<\/p>\n<p>\u00abComo movimiento liberal igualitario, RedLiberal se encuentra comprometido con un modelo de convivencia social y desarrollo que actualmente no se vislumbra con claridad en los programas de los actuales candidatos a la Presidencia de la Rep\u00fablica.<\/p>\n<p>Los desaf\u00edos del futuro pr\u00f3ximo exigen m\u00e1s. Ambas candidaturas parecen ancladas m\u00e1s en discusiones del siglo XX, entre Estado versus Mercado, en c\u00f3mo repartir lo que tenemos versus c\u00f3mo crecer como se crec\u00eda en el pasado, de c\u00f3mo hacer m\u00e1s accesible la educaci\u00f3n del pasado en vez de preocuparnos de forjar la que necesitamos hoy. No vemos nada sobre ciencia y tecnolog\u00eda, sobre la preparaci\u00f3n de los trabajadores para el cambio que ya lleg\u00f3 y s\u00f3lo se acelerar\u00e1 a trav\u00e9s de tecnificaci\u00f3n, o sobre c\u00f3mo construir nuevos espacios de di\u00e1logo y construcci\u00f3n social para hacer ciudadan\u00eda en un contexto de vertiginoso cambio cultural. De c\u00f3mo enfrentar los desaf\u00edos del Chile actual, vemos poco. De los del futuro cercano, nada. En RedLiberal pretendemos hacernos responsables de estos temas para ofrecerle al pa\u00eds caminos de presente y futuro.<\/p>\n<p>Nuestro compromiso es con un pa\u00eds sin privilegios injustos, en el cual el desvalido y el poderoso sean realmente iguales frente a la Ley, a las instituciones del Estado y a empresas y grupos intermedios.<\/p>\n<p>Nuestro compromiso es con un sistema que reconozca las m\u00faltiples ventajas del Libre Mercado, y que busque regular sus fallas efectivamente en pos del Bien Com\u00fan.<\/p>\n<p>Nuestro compromiso es con una sociedad que permita a sus miembros desarrollar su proyecto de vida sin la intervenci\u00f3n de minor\u00edas aleccionadoras o mayor\u00edas aplastantes, incluyendo al Estado, que debe ser ante todo, un servidor.<\/p>\n<p>Dado que ning\u00fan candidato encarna claramente estas ideas, dejamos en libertad de acci\u00f3n a nuestros miembros para votar por quien ellos crean ofrece la mejor posibilidad de revivir el sue\u00f1o del Liberalismo Igualitario que tanta prosperidad ha tra\u00eddo a los pueblos de otras naciones<\/p>\n","protected":false},"excerpt":{"rendered":"<p>Red Liberal decidio dar libertad de acci\u00f3n a sus miembros, en cuanto a la segunda vuelta. A continuaci\u00f3n replicamos su declaraci\u00f3n \u00abComo movimiento liberal igualitario, RedLiberal se encuentra comprometido con un modelo de convivencia social y desarrollo que actualmente no se vislumbra con claridad en los programas de los actuales candidatos a la Presidencia de [&hellip;]<\/p>\n","protected":false},"author":1,"featured_media":2740,"comment_status":"closed","ping_status":"closed","sticky":false,"template":"","format":"standard","meta":{"footnotes":""},"categories":[16,2],"tags":[48],"class_list":["post-2739","post","type-post","status-publish","format-standard","has-post-thumbnail","hentry","category-internet","category-portada","tag-rl"],"_links":{"self":[{"href":"https:\/\/ciudadliberal.cl\/index.php?rest_route=\/wp\/v2\/posts\/2739","targetHints":{"allow":["GET"]}}],"collection":[{"href":"https:\/\/ciudadliberal.cl\/index.php?rest_route=\/wp\/v2\/posts"}],"about":[{"href":"https:\/\/ciudadliberal.cl\/index.php?rest_route=\/wp\/v2\/types\/post"}],"author":[{"embeddable":true,"href":"https:\/\/ciudadliberal.cl\/index.php?rest_route=\/wp\/v2\/users\/1"}],"replies":[{"embeddable":true,"href":"https:\/\/ciudadliberal.cl\/index.php?rest_route=%2Fwp%2Fv2%2Fcomments&post=2739"}],"version-history":[{"count":1,"href":"https:\/\/ciudadliberal.cl\/index.php?rest_route=\/wp\/v2\/posts\/2739\/revisions"}],"predecessor-version":[{"id":2741,"href":"https:\/\/ciudadliberal.cl\/index.php?rest_route=\/wp\/v2\/posts\/2739\/revisions\/2741"}],"wp:featuredmedia":[{"embeddable":true,"href":"https:\/\/ciudadliberal.cl\/index.php?rest_route=\/wp\/v2\/media\/2740"}],"wp:attachment":[{"href":"https:\/\/ciudadliberal.cl\/index.php?rest_route=%2Fwp%2Fv2%2Fmedia&parent=2739"}],"wp:term":[{"taxonomy":"category","embeddable":true,"href":"https:\/\/ciudadliberal.cl\/index.php?rest_route=%2Fwp%2Fv2%2Fcategories&post=2739"},{"taxonomy":"post_tag","embeddable":true,"href":"https:\/\/ciudadliberal.cl\/index.php?rest_route=%2Fwp%2Fv2%2Ftags&post=2739"}],"curies":[{"name":"wp","href":"https:\/\/api.w.org\/{rel}","templated":true}]}}