{"id":2732,"date":"2017-11-27T17:01:37","date_gmt":"2017-11-27T21:01:37","guid":{"rendered":"https:\/\/ciudadliberal.cl\/?p=2732"},"modified":"2017-11-27T17:01:37","modified_gmt":"2017-11-27T21:01:37","slug":"partido-liberal-da-libertad-de-accion-en-segunda-vuelta","status":"publish","type":"post","link":"https:\/\/ciudadliberal.cl\/?p=2732","title":{"rendered":"Partido Liberal da libertad de acci\u00f3n en segunda vuelta."},"content":{"rendered":"<p>Luego de una larga reuni\u00f3n en la sede de la Fundaci\u00f3n Balmaceda en calle Huel\u00e9n en Santiago, el Partido Liberal de Chile, colectividad que es miembro del Frente Amplio, decidi\u00f3 dar libertad de acci\u00f3n a sus miembros con miras a la segunda vuelta.<\/p>\n<p>En el Comit\u00e9 Ejecutivo participaron el diputado Vlado Mirosevic (Arica), el reci\u00e9n electo diputado Alejandro Bernales (Puerto Montt), el alcalde de Arica Gerardo Esp\u00edndola, y los representantes de la zona norte, centro y sur.<\/p>\n<p>Uno de los primeros puntos que el PL acord\u00f3 es que \u201cla candidatura de Sebasti\u00e1n Pi\u00f1era es un retroceso\u201d, raz\u00f3n por la cual descartaron cualquier apoyo a dicha candidatura.<\/p>\n<p>Sobre la candidatura de Alejandro Guillier, el PL rechaz\u00f3 hacer un apoyo como colectividad, dando libertad de acci\u00f3n a sus miembros, misma posici\u00f3n que defender\u00e1n dentro del Frente Amplio en la reuni\u00f3n de la mesa nacional del pr\u00f3ximo mi\u00e9rcoles.<\/p>\n<p>Sin embargo, el Partido Liberal hizo p\u00fablica las propuestas prioritarias donde esperan el pronunciamiento del candidato. Las propuestas aprobadas por el Comit\u00e9 Ejecutivo fueron:<\/p>\n<p><strong>Nueva Econom\u00eda<\/strong><\/p>\n<ul>\n<li>Libre competencia evitando integraci\u00f3n vertical.<\/li>\n<li>Promoci\u00f3n de start-ups, empresas B y comercio justo.<\/li>\n<li>Promoci\u00f3n de econom\u00eda creativa.<\/li>\n<\/ul>\n<p><strong>Libertades y derechos civiles<\/strong><\/p>\n<ul>\n<li>Despenalizaci\u00f3n eutanasia.<\/li>\n<li>Matrimonio Igualitario.<\/li>\n<li>Adopci\u00f3n homoparental.<\/li>\n<li>Despenalizaci\u00f3n marihuana en uso medicinal y adulto.<\/li>\n<li>Despenalizaci\u00f3n de la interrupci\u00f3n del embarazo.<\/li>\n<\/ul>\n<p><strong>Profundizaci\u00f3n de la democracia<\/strong><\/p>\n<p>Asamblea Constituyente.<\/p>\n<ul>\n<li>Descentralizaci\u00f3n: Ley de puertos, Ley de Rentas Regionales y elecci\u00f3n de Intendentes.<\/li>\n<li>Fin a la puerta giratoria entre Estado y empresas.<\/li>\n<li>Aumento de penas a los delitos cohecho y soborno.<\/li>\n<li>Refer\u00e9ndum revocatorio.<\/li>\n<li>Plebiscitos comunales y regionales vinculantes.<\/li>\n<li>Rebaja de la dieta parlamentaria.<\/li>\n<\/ul>\n<p><strong>Derechos sociales<\/strong><\/p>\n<ul>\n<li>Nuevo sistema previsional, basado en la seguridad social y no en las AFPs.<\/li>\n<li>Plan universal de salud.<\/li>\n<li>Educaci\u00f3n laica y gratuita.<\/li>\n<\/ul>\n<p><strong>Recursos naturales y medioambiente<\/strong><\/p>\n<ul>\n<li>Ley de glaciares.<\/li>\n<li>Modificaci\u00f3n al c\u00f3digo de aguas.<\/li>\n<li>Modificaci\u00f3n a la ley de net billing.<\/li>\n<li>Duplicar inversi\u00f3n en energ\u00edas limpias.<\/li>\n<li>Promoci\u00f3n de econom\u00eda circular.<\/li>\n<\/ul>\n<p>El presidente de la colectividad, Luis Felipe Ramos, se\u00f1al\u00f3 \u201cdescartamos integrar un futuro gobierno de Guiller, pero esperamos logre asumir estas causas para motivar a una gran mayor\u00eda de chilenos\u201d.<\/p>\n<p>Por su parte el Secretario General del PL, Iv\u00e1n Mor\u00e1n, dijo \u201cinvitamos a los chilenos a votar, a participar del acto c\u00edvico, hay que celebrar esa fiesta democr\u00e1tica\u201d.<\/p>\n<p>Finalmente, el Partido Liberal record\u00f3 que \u201cla primera responsabilidad es de Guillier. \u00c9l deber\u00e1 pronunciarse sobre estos puntos y animar a que el electorado liberal y del Frente Amplio en general se sienta interpretado por su propuesta\u201d.<\/p>\n","protected":false},"excerpt":{"rendered":"<p>Luego de una larga reuni\u00f3n en la sede de la Fundaci\u00f3n Balmaceda en calle Huel\u00e9n en Santiago, el Partido Liberal de Chile, colectividad que es miembro del Frente Amplio, decidi\u00f3 dar libertad de acci\u00f3n a sus miembros con miras a la segunda vuelta. En el Comit\u00e9 Ejecutivo participaron el diputado Vlado Mirosevic (Arica), el reci\u00e9n [&hellip;]<\/p>\n","protected":false},"author":1,"featured_media":2734,"comment_status":"closed","ping_status":"closed","sticky":false,"template":"","format":"standard","meta":{"footnotes":""},"categories":[16,2],"tags":[],"class_list":["post-2732","post","type-post","status-publish","format-standard","has-post-thumbnail","hentry","category-internet","category-portada"],"_links":{"self":[{"href":"https:\/\/ciudadliberal.cl\/index.php?rest_route=\/wp\/v2\/posts\/2732","targetHints":{"allow":["GET"]}}],"collection":[{"href":"https:\/\/ciudadliberal.cl\/index.php?rest_route=\/wp\/v2\/posts"}],"about":[{"href":"https:\/\/ciudadliberal.cl\/index.php?rest_route=\/wp\/v2\/types\/post"}],"author":[{"embeddable":true,"href":"https:\/\/ciudadliberal.cl\/index.php?rest_route=\/wp\/v2\/users\/1"}],"replies":[{"embeddable":true,"href":"https:\/\/ciudadliberal.cl\/index.php?rest_route=%2Fwp%2Fv2%2Fcomments&post=2732"}],"version-history":[{"count":1,"href":"https:\/\/ciudadliberal.cl\/index.php?rest_route=\/wp\/v2\/posts\/2732\/revisions"}],"predecessor-version":[{"id":2735,"href":"https:\/\/ciudadliberal.cl\/index.php?rest_route=\/wp\/v2\/posts\/2732\/revisions\/2735"}],"wp:featuredmedia":[{"embeddable":true,"href":"https:\/\/ciudadliberal.cl\/index.php?rest_route=\/wp\/v2\/media\/2734"}],"wp:attachment":[{"href":"https:\/\/ciudadliberal.cl\/index.php?rest_route=%2Fwp%2Fv2%2Fmedia&parent=2732"}],"wp:term":[{"taxonomy":"category","embeddable":true,"href":"https:\/\/ciudadliberal.cl\/index.php?rest_route=%2Fwp%2Fv2%2Fcategories&post=2732"},{"taxonomy":"post_tag","embeddable":true,"href":"https:\/\/ciudadliberal.cl\/index.php?rest_route=%2Fwp%2Fv2%2Ftags&post=2732"}],"curies":[{"name":"wp","href":"https:\/\/api.w.org\/{rel}","templated":true}]}}