{"id":2729,"date":"2017-11-27T00:45:10","date_gmt":"2017-11-27T04:45:10","guid":{"rendered":"https:\/\/ciudadliberal.cl\/?p=2729"},"modified":"2017-11-27T00:45:10","modified_gmt":"2017-11-27T04:45:10","slug":"lily-perez-tras-no-conseguir-la-reeleccion-yo-sabia-las-reglas-del-juego","status":"publish","type":"post","link":"https:\/\/ciudadliberal.cl\/?p=2729","title":{"rendered":"Lily P\u00e9rez tras no conseguir la reelecci\u00f3n: \u00abYo sab\u00eda las reglas del juego\u00bb"},"content":{"rendered":"<p>Golpeada. As\u00ed est\u00e1 Lily P\u00e9rez, senadora por la V Regi\u00f3n Cordillera y quien no pudo conseguir los votos para ser reelecta como senadora -esta vez- por la Regi\u00f3n de Valpara\u00edso.<\/p>\n<p>La parlamentaria -que compiti\u00f3 en la lista Sumemos- no logr\u00f3 m\u00e1s de 7%, y qued\u00f3 as\u00ed relegada a los lugares secundarios de la contienda. Durante la jornada, Lily P\u00e9rez acudi\u00f3 a votar a Quillota, ciudad en donde esper\u00f3 los resultados en compa\u00f1\u00eda de sus cercanos.<\/p>\n<p>Tras conocer los votos, Lily P\u00e9rez sostuvo que \u00abprimero que todo darle las gracias a la gente de nuestra regi\u00f3n por la gran votaci\u00f3n que me ha dado. Me siento tremendamente agradecida del cari\u00f1o, la buena onda, las bendiciones, la oraci\u00f3n y toda la tremenda votaci\u00f3n que nos dieron\u00bb.<\/p>\n<p>En ese sentido, a\u00f1adi\u00f3 que \u00abyo sab\u00eda perfectamente las reglas del juego al competir en esta elecci\u00f3n, en una lista aparte, con un partido nuevo de gente nueva, con gente independiente as\u00ed que hicimos lo que cre\u00edamos que era lo correcto y estoy convencida de haber hecho lo correcto, de hecho he sacado muchos m\u00e1s votos de dos de los senadores que est\u00e1n electos pero estas son las reglas del juego, es un sistema electoral que cambi\u00f3 y uno tiene que correr con estas reglas del juego y no estar lloriqueando a pesar de que el sistema no nos ayud\u00f3 y a pesar de que sacamos una muy buena votaci\u00f3n\u00bb.<\/p>\n<p>La parlamentaria adem\u00e1s era la principal carta de Amplitud, partido que lidera, y el que conform\u00f3 tras su salida de Renovaci\u00f3n Nacional.<\/p>\n<p>Sobre su futuro pol\u00edtico, la abanderada de Amplitud indic\u00f3 que apoyar\u00e1 el futuro gobierno de Sebasti\u00e1n Pi\u00f1era, aunque sin esperar un cargo en la nueva administraci\u00f3n, \u201cporque no es nuestro estilo\u201d, concluy\u00f3<\/p>\n<p>Fuente. http:\/\/www.soychile.cl\/Quillota\/Politica\/2017\/11\/19\/500227\/Lily-Perez-no-logra-ser-reelecta-como-senadora-y-queda-fuera-del-Congreso.aspx<\/p>\n","protected":false},"excerpt":{"rendered":"<p>Golpeada. As\u00ed est\u00e1 Lily P\u00e9rez, senadora por la V Regi\u00f3n Cordillera y quien no pudo conseguir los votos para ser reelecta como senadora -esta vez- por la Regi\u00f3n de Valpara\u00edso. La parlamentaria -que compiti\u00f3 en la lista Sumemos- no logr\u00f3 m\u00e1s de 7%, y qued\u00f3 as\u00ed relegada a los lugares secundarios de la contienda. Durante [&hellip;]<\/p>\n","protected":false},"author":1,"featured_media":2730,"comment_status":"closed","ping_status":"closed","sticky":false,"template":"","format":"standard","meta":{"footnotes":""},"categories":[16],"tags":[47],"class_list":["post-2729","post","type-post","status-publish","format-standard","has-post-thumbnail","hentry","category-internet","tag-amp"],"_links":{"self":[{"href":"https:\/\/ciudadliberal.cl\/index.php?rest_route=\/wp\/v2\/posts\/2729","targetHints":{"allow":["GET"]}}],"collection":[{"href":"https:\/\/ciudadliberal.cl\/index.php?rest_route=\/wp\/v2\/posts"}],"about":[{"href":"https:\/\/ciudadliberal.cl\/index.php?rest_route=\/wp\/v2\/types\/post"}],"author":[{"embeddable":true,"href":"https:\/\/ciudadliberal.cl\/index.php?rest_route=\/wp\/v2\/users\/1"}],"replies":[{"embeddable":true,"href":"https:\/\/ciudadliberal.cl\/index.php?rest_route=%2Fwp%2Fv2%2Fcomments&post=2729"}],"version-history":[{"count":1,"href":"https:\/\/ciudadliberal.cl\/index.php?rest_route=\/wp\/v2\/posts\/2729\/revisions"}],"predecessor-version":[{"id":2731,"href":"https:\/\/ciudadliberal.cl\/index.php?rest_route=\/wp\/v2\/posts\/2729\/revisions\/2731"}],"wp:featuredmedia":[{"embeddable":true,"href":"https:\/\/ciudadliberal.cl\/index.php?rest_route=\/wp\/v2\/media\/2730"}],"wp:attachment":[{"href":"https:\/\/ciudadliberal.cl\/index.php?rest_route=%2Fwp%2Fv2%2Fmedia&parent=2729"}],"wp:term":[{"taxonomy":"category","embeddable":true,"href":"https:\/\/ciudadliberal.cl\/index.php?rest_route=%2Fwp%2Fv2%2Fcategories&post=2729"},{"taxonomy":"post_tag","embeddable":true,"href":"https:\/\/ciudadliberal.cl\/index.php?rest_route=%2Fwp%2Fv2%2Ftags&post=2729"}],"curies":[{"name":"wp","href":"https:\/\/api.w.org\/{rel}","templated":true}]}}