{"id":2726,"date":"2017-11-27T00:42:30","date_gmt":"2017-11-27T04:42:30","guid":{"rendered":"https:\/\/ciudadliberal.cl\/?p=2726"},"modified":"2017-11-27T07:52:04","modified_gmt":"2017-11-27T11:52:04","slug":"felipe-kast-es-electo-senador-por-la-araucania","status":"publish","type":"post","link":"https:\/\/ciudadliberal.cl\/?p=2726","title":{"rendered":"Felipe Kast es electo senador por La Araucan\u00eda"},"content":{"rendered":"<p>El ex ministro Felipe Kast, candidato al Senado por La Araucan\u00eda, obtuvo un 18,87% de los votos, alcanzando un cupo en la C\u00e1mara Alta.<\/p>\n<p>El ex candidato presidencial se enfrent\u00f3 a figuras como Jos\u00e9 Garc\u00eda Ruminot (RN), \u201cRojo\u201d Edwards, Gustavo Hasb\u00fan (UDI), Francisco Huenchumilla (DC), entre otros.<\/p>\n<h2>Apuesta arriesgada<\/h2>\n<p>Tras perder la primaria presidencial ante Sebasti\u00e1n Pi\u00f1era, el fundador de Ev\u00f3poli anunci\u00f3 que postular\u00eda al Senado por La Araucan\u00eda.<\/p>\n<p>Una apuesta arriesgada considerando que justamente en los comicios de junio qued\u00f3 en tercer lugar entre los aspirantes a La Moneda de Chile Vamos, obteniendo poco m\u00e1s de un 13% de los votos en esa regi\u00f3n.<\/p>\n<p>Sin embargo, desde el comando explicaron en ese entonces que la zona significaba una buena alternativa para proyectar su liderazgo a nivel nacional.<\/p>\n<p>Fuente: http:\/\/www.latercera.com\/noticia\/felipe-kast-electo-senador-la-araucania\/<\/p>\n","protected":false},"excerpt":{"rendered":"<p>El ex ministro Felipe Kast, candidato al Senado por La Araucan\u00eda, obtuvo un 18,87% de los votos, alcanzando un cupo en la C\u00e1mara Alta. El ex candidato presidencial se enfrent\u00f3 a figuras como Jos\u00e9 Garc\u00eda Ruminot (RN), \u201cRojo\u201d Edwards, Gustavo Hasb\u00fan (UDI), Francisco Huenchumilla (DC), entre otros. Apuesta arriesgada Tras perder la primaria presidencial ante [&hellip;]<\/p>\n","protected":false},"author":1,"featured_media":2727,"comment_status":"closed","ping_status":"closed","sticky":false,"template":"","format":"standard","meta":{"footnotes":""},"categories":[16,2],"tags":[],"class_list":["post-2726","post","type-post","status-publish","format-standard","has-post-thumbnail","hentry","category-internet","category-portada"],"_links":{"self":[{"href":"https:\/\/ciudadliberal.cl\/index.php?rest_route=\/wp\/v2\/posts\/2726","targetHints":{"allow":["GET"]}}],"collection":[{"href":"https:\/\/ciudadliberal.cl\/index.php?rest_route=\/wp\/v2\/posts"}],"about":[{"href":"https:\/\/ciudadliberal.cl\/index.php?rest_route=\/wp\/v2\/types\/post"}],"author":[{"embeddable":true,"href":"https:\/\/ciudadliberal.cl\/index.php?rest_route=\/wp\/v2\/users\/1"}],"replies":[{"embeddable":true,"href":"https:\/\/ciudadliberal.cl\/index.php?rest_route=%2Fwp%2Fv2%2Fcomments&post=2726"}],"version-history":[{"count":1,"href":"https:\/\/ciudadliberal.cl\/index.php?rest_route=\/wp\/v2\/posts\/2726\/revisions"}],"predecessor-version":[{"id":2728,"href":"https:\/\/ciudadliberal.cl\/index.php?rest_route=\/wp\/v2\/posts\/2726\/revisions\/2728"}],"wp:featuredmedia":[{"embeddable":true,"href":"https:\/\/ciudadliberal.cl\/index.php?rest_route=\/wp\/v2\/media\/2727"}],"wp:attachment":[{"href":"https:\/\/ciudadliberal.cl\/index.php?rest_route=%2Fwp%2Fv2%2Fmedia&parent=2726"}],"wp:term":[{"taxonomy":"category","embeddable":true,"href":"https:\/\/ciudadliberal.cl\/index.php?rest_route=%2Fwp%2Fv2%2Fcategories&post=2726"},{"taxonomy":"post_tag","embeddable":true,"href":"https:\/\/ciudadliberal.cl\/index.php?rest_route=%2Fwp%2Fv2%2Ftags&post=2726"}],"curies":[{"name":"wp","href":"https:\/\/api.w.org\/{rel}","templated":true}]}}