{"id":2723,"date":"2017-11-27T00:40:05","date_gmt":"2017-11-27T04:40:05","guid":{"rendered":"https:\/\/ciudadliberal.cl\/?p=2723"},"modified":"2017-11-27T07:52:17","modified_gmt":"2017-11-27T11:52:17","slug":"mirosevic-confirma-su-poderio-en-arica-y-vuelve-a-la-camara-baja","status":"publish","type":"post","link":"https:\/\/ciudadliberal.cl\/?p=2723","title":{"rendered":"Mirosevic confirma su poder\u00edo en Arica y vuelve a la C\u00e1mara Baja"},"content":{"rendered":"<p>Con una alta votaci\u00f3n, que lo posiciona hasta ahora como la primera mayor\u00eda nacional, el diputado Vlado Mirosevic logr\u00f3 la reelecci\u00f3n en el distrito 1 de Arica y Parinacota, convirti\u00e9ndose en otro candidato del Frente Amplio que lleg\u00f3 al Congreso.<\/p>\n<p>Mirosevic es el fundador del Partido Liberal, colectividad que ha intentado marcar su sello al interior del Frente Amplio donde predominan las fuerzas de izquierda.<\/p>\n<p>El diputado de 30 a\u00f1os tiene una extensa trayectoria pol\u00edtica que comenz\u00f3 como presidente de Chile Primero, colectividad que se form\u00f3 con ex miembros de la Concertaci\u00f3n y que en 2010 entreg\u00f3 su apoyo al ex Presidente Sebasti\u00e1n Pi\u00f1era.<\/p>\n<p>Fuente: http:\/\/www.latercera.com\/noticia\/mirosevic-confirma-poderio-arica-vuelve-la-camara-baja\/<\/p>\n","protected":false},"excerpt":{"rendered":"<p>Con una alta votaci\u00f3n, que lo posiciona hasta ahora como la primera mayor\u00eda nacional, el diputado Vlado Mirosevic logr\u00f3 la reelecci\u00f3n en el distrito 1 de Arica y Parinacota, convirti\u00e9ndose en otro candidato del Frente Amplio que lleg\u00f3 al Congreso. Mirosevic es el fundador del Partido Liberal, colectividad que ha intentado marcar su sello al [&hellip;]<\/p>\n","protected":false},"author":1,"featured_media":2724,"comment_status":"closed","ping_status":"closed","sticky":false,"template":"","format":"standard","meta":{"footnotes":""},"categories":[16,2],"tags":[46],"class_list":["post-2723","post","type-post","status-publish","format-standard","has-post-thumbnail","hentry","category-internet","category-portada","tag-pl"],"_links":{"self":[{"href":"https:\/\/ciudadliberal.cl\/index.php?rest_route=\/wp\/v2\/posts\/2723","targetHints":{"allow":["GET"]}}],"collection":[{"href":"https:\/\/ciudadliberal.cl\/index.php?rest_route=\/wp\/v2\/posts"}],"about":[{"href":"https:\/\/ciudadliberal.cl\/index.php?rest_route=\/wp\/v2\/types\/post"}],"author":[{"embeddable":true,"href":"https:\/\/ciudadliberal.cl\/index.php?rest_route=\/wp\/v2\/users\/1"}],"replies":[{"embeddable":true,"href":"https:\/\/ciudadliberal.cl\/index.php?rest_route=%2Fwp%2Fv2%2Fcomments&post=2723"}],"version-history":[{"count":1,"href":"https:\/\/ciudadliberal.cl\/index.php?rest_route=\/wp\/v2\/posts\/2723\/revisions"}],"predecessor-version":[{"id":2725,"href":"https:\/\/ciudadliberal.cl\/index.php?rest_route=\/wp\/v2\/posts\/2723\/revisions\/2725"}],"wp:featuredmedia":[{"embeddable":true,"href":"https:\/\/ciudadliberal.cl\/index.php?rest_route=\/wp\/v2\/media\/2724"}],"wp:attachment":[{"href":"https:\/\/ciudadliberal.cl\/index.php?rest_route=%2Fwp%2Fv2%2Fmedia&parent=2723"}],"wp:term":[{"taxonomy":"category","embeddable":true,"href":"https:\/\/ciudadliberal.cl\/index.php?rest_route=%2Fwp%2Fv2%2Fcategories&post=2723"},{"taxonomy":"post_tag","embeddable":true,"href":"https:\/\/ciudadliberal.cl\/index.php?rest_route=%2Fwp%2Fv2%2Ftags&post=2723"}],"curies":[{"name":"wp","href":"https:\/\/api.w.org\/{rel}","templated":true}]}}