{"id":2720,"date":"2017-11-27T00:38:10","date_gmt":"2017-11-27T04:38:10","guid":{"rendered":"https:\/\/ciudadliberal.cl\/?p=2720"},"modified":"2017-11-27T07:52:30","modified_gmt":"2017-11-27T11:52:30","slug":"andres-velasco-no-llega-al-senado-y-ciudadanos-enfrenta-complicado-escenario","status":"publish","type":"post","link":"https:\/\/ciudadliberal.cl\/?p=2720","title":{"rendered":"Andr\u00e9s Velasco no llega al Senado y Ciudadanos enfrenta complicado escenario"},"content":{"rendered":"<p>El ex ministro y ex candidato presidencial Andr\u00e9s Velasco no logr\u00f3 un cupo por la Regi\u00f3n del Maule en la C\u00e1mara Alta, siendo superado por otras figuras como \u00c1lvaro Elizalde, Ximena Rinc\u00f3n y Juan Antonio Coloma.<\/p>\n<p>Esta era la segunda aventura electoral de Velasco tras perder la primaria presidencial en 2013 ante Michelle Bachelet<\/p>\n<p>Esta vez opt\u00f3 por buscar un cupo al Senado por la regi\u00f3n de El Maule por la importancia que esta zona tendr\u00eda en su historia familiar.<\/p>\n<p>La inscripci\u00f3n de su candidatura no fue f\u00e1cil. En primera instancia el Servel disolvi\u00f3 su partido, Ciudadanos, tras impugnar las fichas durante su proceso de refichaje, decisi\u00f3n que finalmente fue revertida por el Tricel.<\/p>\n<p>Sin embargo, este escenario podr\u00eda repetirse ya que al no contar con el n\u00famero de parlamentarios electos, el partido podr\u00eda estar nuevamente en riesgo de desaparecer.<\/p>\n","protected":false},"excerpt":{"rendered":"<p>El ex ministro y ex candidato presidencial Andr\u00e9s Velasco no logr\u00f3 un cupo por la Regi\u00f3n del Maule en la C\u00e1mara Alta, siendo superado por otras figuras como \u00c1lvaro Elizalde, Ximena Rinc\u00f3n y Juan Antonio Coloma. Esta era la segunda aventura electoral de Velasco tras perder la primaria presidencial en 2013 ante Michelle Bachelet Esta [&hellip;]<\/p>\n","protected":false},"author":1,"featured_media":2721,"comment_status":"closed","ping_status":"closed","sticky":false,"template":"","format":"standard","meta":{"footnotes":""},"categories":[16,2],"tags":[43],"class_list":["post-2720","post","type-post","status-publish","format-standard","has-post-thumbnail","hentry","category-internet","category-portada","tag-csc"],"_links":{"self":[{"href":"https:\/\/ciudadliberal.cl\/index.php?rest_route=\/wp\/v2\/posts\/2720","targetHints":{"allow":["GET"]}}],"collection":[{"href":"https:\/\/ciudadliberal.cl\/index.php?rest_route=\/wp\/v2\/posts"}],"about":[{"href":"https:\/\/ciudadliberal.cl\/index.php?rest_route=\/wp\/v2\/types\/post"}],"author":[{"embeddable":true,"href":"https:\/\/ciudadliberal.cl\/index.php?rest_route=\/wp\/v2\/users\/1"}],"replies":[{"embeddable":true,"href":"https:\/\/ciudadliberal.cl\/index.php?rest_route=%2Fwp%2Fv2%2Fcomments&post=2720"}],"version-history":[{"count":1,"href":"https:\/\/ciudadliberal.cl\/index.php?rest_route=\/wp\/v2\/posts\/2720\/revisions"}],"predecessor-version":[{"id":2722,"href":"https:\/\/ciudadliberal.cl\/index.php?rest_route=\/wp\/v2\/posts\/2720\/revisions\/2722"}],"wp:featuredmedia":[{"embeddable":true,"href":"https:\/\/ciudadliberal.cl\/index.php?rest_route=\/wp\/v2\/media\/2721"}],"wp:attachment":[{"href":"https:\/\/ciudadliberal.cl\/index.php?rest_route=%2Fwp%2Fv2%2Fmedia&parent=2720"}],"wp:term":[{"taxonomy":"category","embeddable":true,"href":"https:\/\/ciudadliberal.cl\/index.php?rest_route=%2Fwp%2Fv2%2Fcategories&post=2720"},{"taxonomy":"post_tag","embeddable":true,"href":"https:\/\/ciudadliberal.cl\/index.php?rest_route=%2Fwp%2Fv2%2Ftags&post=2720"}],"curies":[{"name":"wp","href":"https:\/\/api.w.org\/{rel}","templated":true}]}}