{"id":2717,"date":"2017-11-27T00:36:15","date_gmt":"2017-11-27T04:36:15","guid":{"rendered":"https:\/\/ciudadliberal.cl\/?p=2717"},"modified":"2017-11-27T07:52:43","modified_gmt":"2017-11-27T11:52:43","slug":"liberales-alemanes-renuentes-a-integrar-coalicion-de-gobierno","status":"publish","type":"post","link":"https:\/\/ciudadliberal.cl\/?p=2717","title":{"rendered":"Liberales alemanes renuentes a integrar coalici\u00f3n de gobierno"},"content":{"rendered":"<div class=\"fullNewsIntrotext\">En medio de una grave crisis gubernamental en Alemania, el presidente del liberal Partido Libre Democr\u00e1tico (FDP), Christian Lindner, rechaz\u00f3 hoy de manera definitiva formar una coalici\u00f3n de gobierno con los democristianos y Los Verdes.<\/div>\n<div><\/div>\n<div class=\"fullNewsIntrotext\">Esta llamada coalici\u00f3n Jamaica, nombrada as\u00ed por los colores de los partidos que la integrar\u00eda &#8211; negro, amarillo y verde -, los mismos de la bandera de se pa\u00eds caribe\u00f1o, hubiera sido la \u00fanica posibilidad para formar un gobierno estable y mayoritario, seg\u00fan algunos analistas pol\u00edticos.<\/p>\n<p>Incluso en el caso de nuevas elecciones, Lindner descart\u00f3 la participaci\u00f3n de su partido, el FDP, en una coalici\u00f3n gubernamental con el partido de Los Verdes, al explicar que es imposible una cooperaci\u00f3n confiable con esa agrupaci\u00f3n pol\u00edtica a nivel federal.<\/p>\n<p>&#8216;Las reacciones de ellos a nuestra retirada, las teor\u00edas de conspiraci\u00f3n y difamaciones, las calificaciones de nuestro partido como populista de derecha me dan la raz\u00f3n&#8217;, dijo en una entrevista de prensa.<\/p>\n<p>Mientras, Los Verdes manifestaron nuevamente su disposici\u00f3n a seguir con las negociaciones exploratorias con la Uni\u00f3n Democristiana (CDU) de la canciller federal Angela Merkel.<\/p>\n<p>&#8216;Nosotros, seguimos dispuestos a conversar&#8217;, seg\u00fan afirman. Si Merkel no logra convencer a los liberales, le quedar\u00eda solamente la posibilidad de seguir con la llamada gran coalici\u00f3n con el Partido Socialdem\u00f3crata de Alemania (SPD). No obstante, el SPD ya rechaz\u00f3 reiteradamente la posibilidad de formar otro gobierno con la CDU.<\/p>\n<p>Las ultimas opciones para Merkel ser\u00edan formar un gobierno minoritario o convocar a nuevas elecciones, que &#8211; seg\u00fan las encuestas actuales &#8211; no cambiar\u00eda mucho la correlaci\u00f3n de fuerzas en el Bundestag, la c\u00e1mara baja del parlamento alem\u00e1n.<\/p><\/div>\n<div><\/div>\n<div>Fuente: http:\/\/www.prensa-latina.cu\/index.php?o=rn&amp;id=133581&amp;SEO=liberales-alemanes-renuentes-a-integrar-coalicion-de-gobierno<\/div>\n","protected":false},"excerpt":{"rendered":"<p>En medio de una grave crisis gubernamental en Alemania, el presidente del liberal Partido Libre Democr\u00e1tico (FDP), Christian Lindner, rechaz\u00f3 hoy de manera definitiva formar una coalici\u00f3n de gobierno con los democristianos y Los Verdes. Esta llamada coalici\u00f3n Jamaica, nombrada as\u00ed por los colores de los partidos que la integrar\u00eda &#8211; negro, amarillo y verde [&hellip;]<\/p>\n","protected":false},"author":1,"featured_media":2718,"comment_status":"closed","ping_status":"closed","sticky":false,"template":"","format":"standard","meta":{"footnotes":""},"categories":[14,2],"tags":[],"class_list":["post-2717","post","type-post","status-publish","format-standard","has-post-thumbnail","hentry","category-entertainment","category-portada"],"_links":{"self":[{"href":"https:\/\/ciudadliberal.cl\/index.php?rest_route=\/wp\/v2\/posts\/2717","targetHints":{"allow":["GET"]}}],"collection":[{"href":"https:\/\/ciudadliberal.cl\/index.php?rest_route=\/wp\/v2\/posts"}],"about":[{"href":"https:\/\/ciudadliberal.cl\/index.php?rest_route=\/wp\/v2\/types\/post"}],"author":[{"embeddable":true,"href":"https:\/\/ciudadliberal.cl\/index.php?rest_route=\/wp\/v2\/users\/1"}],"replies":[{"embeddable":true,"href":"https:\/\/ciudadliberal.cl\/index.php?rest_route=%2Fwp%2Fv2%2Fcomments&post=2717"}],"version-history":[{"count":1,"href":"https:\/\/ciudadliberal.cl\/index.php?rest_route=\/wp\/v2\/posts\/2717\/revisions"}],"predecessor-version":[{"id":2719,"href":"https:\/\/ciudadliberal.cl\/index.php?rest_route=\/wp\/v2\/posts\/2717\/revisions\/2719"}],"wp:featuredmedia":[{"embeddable":true,"href":"https:\/\/ciudadliberal.cl\/index.php?rest_route=\/wp\/v2\/media\/2718"}],"wp:attachment":[{"href":"https:\/\/ciudadliberal.cl\/index.php?rest_route=%2Fwp%2Fv2%2Fmedia&parent=2717"}],"wp:term":[{"taxonomy":"category","embeddable":true,"href":"https:\/\/ciudadliberal.cl\/index.php?rest_route=%2Fwp%2Fv2%2Fcategories&post=2717"},{"taxonomy":"post_tag","embeddable":true,"href":"https:\/\/ciudadliberal.cl\/index.php?rest_route=%2Fwp%2Fv2%2Ftags&post=2717"}],"curies":[{"name":"wp","href":"https:\/\/api.w.org\/{rel}","templated":true}]}}