{"id":2656,"date":"2017-11-06T20:50:22","date_gmt":"2017-11-07T00:50:22","guid":{"rendered":"https:\/\/ciudadliberal.cl\/?p=2656"},"modified":"2017-11-06T20:50:22","modified_gmt":"2017-11-07T00:50:22","slug":"el-gobierno-de-la-v-region","status":"publish","type":"post","link":"https:\/\/ciudadliberal.cl\/?p=2656","title":{"rendered":"El gobierno de la V regi\u00f3n"},"content":{"rendered":"<p>El v\u00e9rtigo de una campa\u00f1a\u00a0 electoral que abarca un territorio muy complejo y\u00a0 extendido como es la V Regi\u00f3n, impide profundizar en las ideas que comunicamos tal como quisi\u00e9ramos.<\/p>\n<p>Hay muy poco tiempo para llevar las cosas a su esencia y explayarse, por lo que resulta\u00a0 imperioso recurrir a la confianza y conocimiento de los electores sobre mi compromiso de vida con la pol\u00edtica y con nuestra regi\u00f3n.<\/p>\n<p>Sin embargo estoy convencida que hay que hacer un esfuerzo y dejar testimonio de lo que est\u00e1 ocurriendo en el pa\u00eds, que en medio de lo electoral pudiera pasar desapercibido, y aprovechar esta columna como una buena oportunidad para expresarlo.<\/p>\n<p>Lo primero que deseo se\u00f1alar es que esta circunscripci\u00f3n extendida que aspiro a representar el pr\u00f3ximo per\u00edodo como senadora,\u00a0 es un resumen de lo que es el pa\u00eds a lo largo de su territorio.<\/p>\n<p>Con excepci\u00f3n\u00a0 de lo que ocurre en sus extremos, la Patagonia o el desierto, la\u00a0 V Regi\u00f3n resume lo que es el pa\u00eds es en su generalidad, con sus complejidades, problemas, aciertos y oportunidades.<\/p>\n<p>La Regi\u00f3n de Valpara\u00edso tiene puertos y\u00a0 mar industrial, pero tambi\u00e9n caletas pesqueras y es la esencia del litoral central en materia de ciudades.<\/p>\n<div class=\"news-quote alignleft extracto-destaque\">\n<blockquote><p>Me he hecho cargo del hast\u00edo de la gente, me he hecho cargo de escuchar, de gestionar, de fiscalizar, no siendo \u00e9sta \u00faltima, una de mis atribuciones como Senadora, pero durante mi trayectoria pol\u00edtica he velado por ustedes y con manos limpias dar la pelea para que la corrupci\u00f3n, la droga y la delincuencia se erradiquen de nuestra regi\u00f3n y de nuestro pa\u00eds.<\/p><\/blockquote>\n<\/div>\n<p>Tiene un desarrollo minero creciente en el que por la riqueza de la\u00a0 ley de los minerales est\u00e1n desplazando la actividad minera por el pie cordillerano hacia el sur, con todo lo que ello implica de complejidad\u00a0 para que no colisiones con las otras actividades. Existe una\u00a0 significativa agricultura, con desarrollo de excelencia en viticultura, e innovadores en aceites finos y frutas de exportaci\u00f3n. Tiene\u00a0 glaciares y enormes bellezas tur\u00edsticas en sus paisajes interiores y del litoral, pero marcados d\u00e9ficits de agua y problemas ambientales que se han arrastrado por a\u00f1os y que he defendido incansablemente, como ocurre lamentablemente en Quintero y Puchuncav\u00ed.<\/p>\n<p>Tambi\u00e9n, como el resto del pa\u00eds, experimenta sus mismos d\u00e9ficits en materia de trabajo, educaci\u00f3n o salud y \u00e9ste \u00faltimo \u00edtem, como lo he dicho en innumerables ocasiones, los hospitales que ya debieran estar en el fin de su construcci\u00f3n en nuestra regi\u00f3n, por una raz\u00f3n netamente ideol\u00f3gica, algunos reci\u00e9n se han comenzado a construir y otros siguen en proceso de licitaci\u00f3n.<\/p>\n<p>C\u00f3mo hacer para que a partir de esta elecci\u00f3n, compleja en la arquitectura de la representaci\u00f3n pol\u00edtica, lo regional se pueda componer\u00a0 en un gobierno local \u00e1gil y verdaderamente regional y en una representaci\u00f3n parlamentaria\u00a0 adecuada para dar forma a una arena pol\u00edtica que fortalezca nuestra sociedad civil,\u00a0 que permita y potencie el debate, y que proyecte a la regi\u00f3n ante el poder central con una fuerza pol\u00edtica end\u00f3gena, que mire y equilibre su demanda de crecimiento y\u00a0 desarrollo.<\/p>\n<p>No es algo simple, pero creo necesitaremos de todas nuestras fuerzas para construir la nueva gobernabilidad que el pa\u00eds requiere.<\/p>\n<p>Estoy convencida que el mejor Presidente para el Chile de los pr\u00f3ximos a\u00f1os se llama\u00a0 Sebasti\u00e1n Pi\u00f1era, y por eso mi apoyo incondicional a su candidatura.\u00a0 Ese convencimiento nace, en primer lugar, de pensar que es el \u00fanico que puede empujar con car\u00e1cter la tarea se\u00f1alada. Pero tambi\u00e9n de conjugar valores y perspectivas\u00a0 acerca de los desaf\u00edos que como pa\u00eds tenemos, con cari\u00f1o por la gente, innovaci\u00f3n, respeto por la diversidad y capacidad de emprendimiento. Eso es\u00a0 lo que veo en \u00e9l, y creo que nadie en el centro derecha interpreta\u00a0 hoy mejor que \u00e9l, ese sentido de libertad, innovaci\u00f3n y empuje que el pa\u00eds necesita.<\/p>\n<p>Si tom\u00e9 la opci\u00f3n de dar esta lucha senatorial fuera de un partido tradicional es porque decid\u00ed emprender un camino donde la pol\u00edtica tenga conexi\u00f3n con la actualidad, cercana a la gente, mirando a los ojos, porque creo en la libertad individual, creo en el poder de decisi\u00f3n y lo que nos hace libre y empoderados para vivir con derechos y deberes. Durante este tiempo he comprobado que estoy acompa\u00f1ada de miles de personas, de corazones valientes que apoyan lo que deseo mejorar en nuestra regi\u00f3n.<\/p>\n<p>Me he hecho cargo del hast\u00edo de la gente, me he hecho cargo de escuchar, de gestionar, de fiscalizar, no siendo \u00e9sta \u00faltima, una de mis atribuciones como Senadora, pero durante mi trayectoria pol\u00edtica he velado por ustedes y con manos limpias dar la pelea para que la corrupci\u00f3n, la droga y la delincuencia se erradiquen de nuestra regi\u00f3n y de nuestro pa\u00eds.<\/p>\n<p>La fe, el respeto y di\u00e1logo sincero no son palabras ecum\u00e9nicas\u00a0 que yo acoja como tales, como una ac\u00f3lita de cualquier creencia. Soy una mujer convencida que para que una comunidad pol\u00edtica pueda vivir decentemente y representarse con dignidad,\u00a0 debe actuar\u00a0 con lealtad, franqueza y sin c\u00e1lculos mezquinos. Es lo que el pa\u00eds espera de nosotros, de sus dirigentes pol\u00edticos y la raz\u00f3n por la cual quiero seguir represent\u00e1ndolos.<\/p>\n<p>Por: Lily Perez<\/p>\n<p>Fuente:<\/p>\n<p>El v\u00e9rtigo de una campa\u00f1a\u00a0 electoral que abarca un territorio muy complejo y\u00a0 extendido como es la V Regi\u00f3n, impide profundizar en las ideas que comunicamos tal como quisi\u00e9ramos.<\/p>\n<p>Hay muy poco tiempo para llevar las cosas a su esencia y explayarse, por lo que resulta\u00a0 imperioso recurrir a la confianza y conocimiento de los electores sobre mi compromiso de vida con la pol\u00edtica y con nuestra regi\u00f3n.<\/p>\n<p>Sin embargo estoy convencida que hay que hacer un esfuerzo y dejar testimonio de lo que est\u00e1 ocurriendo en el pa\u00eds, que en medio de lo electoral pudiera pasar desapercibido, y aprovechar esta columna como una buena oportunidad para expresarlo.<\/p>\n<p>Lo primero que deseo se\u00f1alar es que esta circunscripci\u00f3n extendida que aspiro a representar el pr\u00f3ximo per\u00edodo como senadora,\u00a0 es un resumen de lo que es el pa\u00eds a lo largo de su territorio.<\/p>\n<p>Con excepci\u00f3n\u00a0 de lo que ocurre en sus extremos, la Patagonia o el desierto, la\u00a0 V Regi\u00f3n resume lo que es el pa\u00eds es en su generalidad, con sus complejidades, problemas, aciertos y oportunidades.<\/p>\n<p>La Regi\u00f3n de Valpara\u00edso tiene puertos y\u00a0 mar industrial, pero tambi\u00e9n caletas pesqueras y es la esencia del litoral central en materia de ciudades.<\/p>\n<div class=\"news-quote alignleft extracto-destaque\">\n<blockquote><p>Me he hecho cargo del hast\u00edo de la gente, me he hecho cargo de escuchar, de gestionar, de fiscalizar, no siendo \u00e9sta \u00faltima, una de mis atribuciones como Senadora, pero durante mi trayectoria pol\u00edtica he velado por ustedes y con manos limpias dar la pelea para que la corrupci\u00f3n, la droga y la delincuencia se erradiquen de nuestra regi\u00f3n y de nuestro pa\u00eds.<\/p><\/blockquote>\n<\/div>\n<p>Tiene un desarrollo minero creciente en el que por la riqueza de la\u00a0 ley de los minerales est\u00e1n desplazando la actividad minera por el pie cordillerano hacia el sur, con todo lo que ello implica de complejidad\u00a0 para que no colisiones con las otras actividades. Existe una\u00a0 significativa agricultura, con desarrollo de excelencia en viticultura, e innovadores en aceites finos y frutas de exportaci\u00f3n. Tiene\u00a0 glaciares y enormes bellezas tur\u00edsticas en sus paisajes interiores y del litoral, pero marcados d\u00e9ficits de agua y problemas ambientales que se han arrastrado por a\u00f1os y que he defendido incansablemente, como ocurre lamentablemente en Quintero y Puchuncav\u00ed.<\/p>\n<p>Tambi\u00e9n, como el resto del pa\u00eds, experimenta sus mismos d\u00e9ficits en materia de trabajo, educaci\u00f3n o salud y \u00e9ste \u00faltimo \u00edtem, como lo he dicho en innumerables ocasiones, los hospitales que ya debieran estar en el fin de su construcci\u00f3n en nuestra regi\u00f3n, por una raz\u00f3n netamente ideol\u00f3gica, algunos reci\u00e9n se han comenzado a construir y otros siguen en proceso de licitaci\u00f3n.<\/p>\n<p>C\u00f3mo hacer para que a partir de esta elecci\u00f3n, compleja en la arquitectura de la representaci\u00f3n pol\u00edtica, lo regional se pueda componer\u00a0 en un gobierno local \u00e1gil y verdaderamente regional y en una representaci\u00f3n parlamentaria\u00a0 adecuada para dar forma a una arena pol\u00edtica que fortalezca nuestra sociedad civil,\u00a0 que permita y potencie el debate, y que proyecte a la regi\u00f3n ante el poder central con una fuerza pol\u00edtica end\u00f3gena, que mire y equilibre su demanda de crecimiento y\u00a0 desarrollo.<\/p>\n<p>No es algo simple, pero creo necesitaremos de todas nuestras fuerzas para construir la nueva gobernabilidad que el pa\u00eds requiere.<\/p>\n<p>Estoy convencida que el mejor Presidente para el Chile de los pr\u00f3ximos a\u00f1os se llama\u00a0 Sebasti\u00e1n Pi\u00f1era, y por eso mi apoyo incondicional a su candidatura.\u00a0 Ese convencimiento nace, en primer lugar, de pensar que es el \u00fanico que puede empujar con car\u00e1cter la tarea se\u00f1alada. Pero tambi\u00e9n de conjugar valores y perspectivas\u00a0 acerca de los desaf\u00edos que como pa\u00eds tenemos, con cari\u00f1o por la gente, innovaci\u00f3n, respeto por la diversidad y capacidad de emprendimiento. Eso es\u00a0 lo que veo en \u00e9l, y creo que nadie en el centro derecha interpreta\u00a0 hoy mejor que \u00e9l, ese sentido de libertad, innovaci\u00f3n y empuje que el pa\u00eds necesita.<\/p>\n<p>Si tom\u00e9 la opci\u00f3n de dar esta lucha senatorial fuera de un partido tradicional es porque decid\u00ed emprender un camino donde la pol\u00edtica tenga conexi\u00f3n con la actualidad, cercana a la gente, mirando a los ojos, porque creo en la libertad individual, creo en el poder de decisi\u00f3n y lo que nos hace libre y empoderados para vivir con derechos y deberes. Durante este tiempo he comprobado que estoy acompa\u00f1ada de miles de personas, de corazones valientes que apoyan lo que deseo mejorar en nuestra regi\u00f3n.<\/p>\n<p>Me he hecho cargo del hast\u00edo de la gente, me he hecho cargo de escuchar, de gestionar, de fiscalizar, no siendo \u00e9sta \u00faltima, una de mis atribuciones como Senadora, pero durante mi trayectoria pol\u00edtica he velado por ustedes y con manos limpias dar la pelea para que la corrupci\u00f3n, la droga y la delincuencia se erradiquen de nuestra regi\u00f3n y de nuestro pa\u00eds.<\/p>\n<p>La fe, el respeto y di\u00e1logo sincero no son palabras ecum\u00e9nicas\u00a0 que yo acoja como tales, como una ac\u00f3lita de cualquier creencia. Soy una mujer convencida que para que una comunidad pol\u00edtica pueda vivir decentemente y representarse con dignidad,\u00a0 debe actuar\u00a0 con lealtad, franqueza y sin c\u00e1lculos mezquinos. Es lo que el pa\u00eds espera de nosotros, de sus dirigentes pol\u00edticos y la raz\u00f3n por la cual quiero seguir represent\u00e1ndolos.<\/p>\n<p>&nbsp;<\/p>\n","protected":false},"excerpt":{"rendered":"<p>El v\u00e9rtigo de una campa\u00f1a\u00a0 electoral que abarca un territorio muy complejo y\u00a0 extendido como es la V Regi\u00f3n, impide profundizar en las ideas que comunicamos tal como quisi\u00e9ramos. Hay muy poco tiempo para llevar las cosas a su esencia y explayarse, por lo que resulta\u00a0 imperioso recurrir a la confianza y conocimiento de los [&hellip;]<\/p>\n","protected":false},"author":1,"featured_media":1943,"comment_status":"closed","ping_status":"closed","sticky":false,"template":"","format":"standard","meta":{"footnotes":""},"categories":[2,13],"tags":[],"class_list":["post-2656","post","type-post","status-publish","format-standard","has-post-thumbnail","hentry","category-portada","category-voces"],"_links":{"self":[{"href":"https:\/\/ciudadliberal.cl\/index.php?rest_route=\/wp\/v2\/posts\/2656","targetHints":{"allow":["GET"]}}],"collection":[{"href":"https:\/\/ciudadliberal.cl\/index.php?rest_route=\/wp\/v2\/posts"}],"about":[{"href":"https:\/\/ciudadliberal.cl\/index.php?rest_route=\/wp\/v2\/types\/post"}],"author":[{"embeddable":true,"href":"https:\/\/ciudadliberal.cl\/index.php?rest_route=\/wp\/v2\/users\/1"}],"replies":[{"embeddable":true,"href":"https:\/\/ciudadliberal.cl\/index.php?rest_route=%2Fwp%2Fv2%2Fcomments&post=2656"}],"version-history":[{"count":1,"href":"https:\/\/ciudadliberal.cl\/index.php?rest_route=\/wp\/v2\/posts\/2656\/revisions"}],"predecessor-version":[{"id":2657,"href":"https:\/\/ciudadliberal.cl\/index.php?rest_route=\/wp\/v2\/posts\/2656\/revisions\/2657"}],"wp:featuredmedia":[{"embeddable":true,"href":"https:\/\/ciudadliberal.cl\/index.php?rest_route=\/wp\/v2\/media\/1943"}],"wp:attachment":[{"href":"https:\/\/ciudadliberal.cl\/index.php?rest_route=%2Fwp%2Fv2%2Fmedia&parent=2656"}],"wp:term":[{"taxonomy":"category","embeddable":true,"href":"https:\/\/ciudadliberal.cl\/index.php?rest_route=%2Fwp%2Fv2%2Fcategories&post=2656"},{"taxonomy":"post_tag","embeddable":true,"href":"https:\/\/ciudadliberal.cl\/index.php?rest_route=%2Fwp%2Fv2%2Ftags&post=2656"}],"curies":[{"name":"wp","href":"https:\/\/api.w.org\/{rel}","templated":true}]}}