{"id":2469,"date":"2017-09-14T07:34:59","date_gmt":"2017-09-14T11:34:59","guid":{"rendered":"https:\/\/ciudadliberal.cl\/?p=2469"},"modified":"2017-09-14T07:34:59","modified_gmt":"2017-09-14T11:34:59","slug":"ciudadanos-espana-busca-protagonismo-en-cataluna","status":"publish","type":"post","link":"https:\/\/ciudadliberal.cl\/?p=2469","title":{"rendered":"Ciudadanos (Espa\u00f1a) busca protagonismo en Catalu\u00f1a"},"content":{"rendered":"<div>En plena crisis por el refer\u00e9ndum del 1 de octubre en Catalu\u00f1a, los principales grupos de la oposici\u00f3n \u2013el PSOE, Unidos Podemos y Ciudadanos\u2013 buscan su cuota de protagonismo en el Congreso de los Diputados con diversas iniciativas para desatascar la situaci\u00f3n o hacer frente al auge del independentismo. El PSOE fue el primero en pasar a la acci\u00f3n. El lunes de la semana pasada, el secretario general de los socialistas, Pedro S\u00e1nchez, anunci\u00f3 que su partido pedir\u00eda crear en la C\u00e1mara baja una comisi\u00f3n de di\u00e1logo sobre el modelo territorial. La petici\u00f3n se present\u00f3 el jueves y este martes la Mesa la acept\u00f3 por unanimidad. Entre las medidas concretas a adoptar, el PSOE sugiere asegurar el autogobierno de Catalu\u00f1a, perfeccionar el reconocimiento de la \u00abdiversidad\u00bb de Espa\u00f1a, garantizar el respeto a las competencias de las comunidades, mejorar la financiaci\u00f3n auton\u00f3mica y un \u00abreequilibrio\u00bb de las inversiones p\u00fablicas en los territorios.<\/div>\n<div>\n<div>El partido de Rivera, por su parte, llevar\u00e1 al Pleno de la semana que viene una proposici\u00f3n no de ley \u2013es decir, una iniciativa no produce efectos legislativos, pero obliga al resto de grupos a posicionarse\u2013 sobre \u00abel apoyo institucional en la defensa del Estado de derecho en Catalu\u00f1a\u00bb. El texto registrado manifiesta el apoyo al Gobierno, el Tribunal Constitucional, la Fiscal\u00eda y el resto de autoridades en \u00abtodas aquellas medidas que sean necesarias y adoptadas de manera proporcional\u00bb para impedir el refer\u00e9ndum de independencia en Catalu\u00f1a. Tambi\u00e9n respalda a los funcionarios. Finalmente, insta al Gobierno a que impida el uso de fondos y recursos p\u00fablicos en los actos de \u00abpromoci\u00f3n, preparaci\u00f3n y ejecuci\u00f3n\u00bb del refer\u00e9ndum, y reitera la defensa de \u00ablas leyes democr\u00e1ticas\u00bb y \u00abel Estado de derecho\u00bb. Fuentes de Ciudadanos explican que la decisi\u00f3n de registrar la iniciativa se adopt\u00f3 el pasado viernes, y reconocen que no se contact\u00f3 con ning\u00fan otro grupo antes de presentarla. El PP ya ha anticipado que votar\u00e1 a favor. La portavoz socialista, Margarita Robles, dijo este mi\u00e9rcoles que \u00aben los \u00faltimos tiempos lo que quiere Ciudadanos es llamar la atenci\u00f3n pidiendo fotos\u00bb y que el PSOE estudiar\u00e1 si esa propuesta \u00abpretende unir\u00bb o \u00abdividir todav\u00eda m\u00e1s\u00bb a la sociedad antes de tomar una decisi\u00f3n al respecto.<\/p>\n<p>Ver m\u00e1s en: <a href=\"http:\/\/www.20minutos.es\/noticia\/3133578\/0\/psoe-podemos-ciudadanos-buscan-protagonismo-crisis-cataluna\/#xtor=AD-15&amp;xts=467263\">http:\/\/www.20minutos.es\/noticia\/3133578\/0\/psoe-podemos-ciudadanos-buscan-protagonismo-crisis-cataluna\/#xtor=AD-15&amp;xts=467263<\/a><\/div>\n<\/div>\n","protected":false},"excerpt":{"rendered":"<p>En plena crisis por el refer\u00e9ndum del 1 de octubre en Catalu\u00f1a, los principales grupos de la oposici\u00f3n \u2013el PSOE, Unidos Podemos y Ciudadanos\u2013 buscan su cuota de protagonismo en el Congreso de los Diputados con diversas iniciativas para desatascar la situaci\u00f3n o hacer frente al auge del independentismo. El PSOE fue el primero en [&hellip;]<\/p>\n","protected":false},"author":1,"featured_media":2372,"comment_status":"closed","ping_status":"closed","sticky":false,"template":"","format":"standard","meta":{"footnotes":""},"categories":[14,2],"tags":[],"class_list":["post-2469","post","type-post","status-publish","format-standard","has-post-thumbnail","hentry","category-entertainment","category-portada"],"_links":{"self":[{"href":"https:\/\/ciudadliberal.cl\/index.php?rest_route=\/wp\/v2\/posts\/2469","targetHints":{"allow":["GET"]}}],"collection":[{"href":"https:\/\/ciudadliberal.cl\/index.php?rest_route=\/wp\/v2\/posts"}],"about":[{"href":"https:\/\/ciudadliberal.cl\/index.php?rest_route=\/wp\/v2\/types\/post"}],"author":[{"embeddable":true,"href":"https:\/\/ciudadliberal.cl\/index.php?rest_route=\/wp\/v2\/users\/1"}],"replies":[{"embeddable":true,"href":"https:\/\/ciudadliberal.cl\/index.php?rest_route=%2Fwp%2Fv2%2Fcomments&post=2469"}],"version-history":[{"count":1,"href":"https:\/\/ciudadliberal.cl\/index.php?rest_route=\/wp\/v2\/posts\/2469\/revisions"}],"predecessor-version":[{"id":2470,"href":"https:\/\/ciudadliberal.cl\/index.php?rest_route=\/wp\/v2\/posts\/2469\/revisions\/2470"}],"wp:featuredmedia":[{"embeddable":true,"href":"https:\/\/ciudadliberal.cl\/index.php?rest_route=\/wp\/v2\/media\/2372"}],"wp:attachment":[{"href":"https:\/\/ciudadliberal.cl\/index.php?rest_route=%2Fwp%2Fv2%2Fmedia&parent=2469"}],"wp:term":[{"taxonomy":"category","embeddable":true,"href":"https:\/\/ciudadliberal.cl\/index.php?rest_route=%2Fwp%2Fv2%2Fcategories&post=2469"},{"taxonomy":"post_tag","embeddable":true,"href":"https:\/\/ciudadliberal.cl\/index.php?rest_route=%2Fwp%2Fv2%2Ftags&post=2469"}],"curies":[{"name":"wp","href":"https:\/\/api.w.org\/{rel}","templated":true}]}}