{"id":2176,"date":"2017-08-01T22:35:14","date_gmt":"2017-08-02T02:35:14","guid":{"rendered":"https:\/\/ciudadliberal.cl\/?p=2176"},"modified":"2017-08-03T08:30:25","modified_gmt":"2017-08-03T12:30:25","slug":"partido-liberal-rechaza-proceso-constituyente-en-venezuela","status":"publish","type":"post","link":"https:\/\/ciudadliberal.cl\/?p=2176","title":{"rendered":"Partido Liberal rechaza proceso constituyente en Venezuela"},"content":{"rendered":"<p>El Partido Liberal, que integra el Frente Amplio, expres\u00f3 su rechazo al proceso constituyente que se est\u00e1 llevando a cabo en Venezuela.<\/p>\n<p>A trav\u00e9s de una declaraci\u00f3n p\u00fablica, la colectividad lament\u00f3 la \u201cola de violencia callejera m\u00e1s grande en la \u00faltima d\u00e9cada\u201d y asegur\u00f3 que el gobierno de Nicol\u00e1s Maduro no ha tenido por finalidad superar esta crisis sino \u201cacrecentar la concentraci\u00f3n de poderes del Estado en sus manos m\u00e1s all\u00e1 de cualquier est\u00e1ndar constitucional aceptable\u201d.<\/p>\n<p>Desde el partido expresaron que la Asamblea Constituyente en Venezuela supone \u201cm\u00e1s que un intento honesto de refundar el pacto social, es una oportunidad no s\u00f3lo para mantenerse artificialmente en el poder, sino que tambi\u00e9n para diluir una oposici\u00f3n que hoy leg\u00edtamente constituye una mayor\u00eda en el poder legislativo venezolano\u201d.<\/p>\n<p>En el comunicado tambi\u00e9n llamaron a la Canciller\u00eda a y al resto de las fuerzas pol\u00edticas del pa\u00eds a \u201ccondenar cualquier quebrantamiento del orden democr\u00e1tico\u201d y buscar proactivamente en el orden internacional aliados dispuestos a ofrecer una salida arm\u00f3nica con la democracia, el Estado de Derecho y los DD.HH.<\/p>\n<blockquote class=\"twitter-tweet\" data-width=\"550\" data-dnt=\"true\">\n<p lang=\"es\" dir=\"ltr\">La <a href=\"https:\/\/twitter.com\/hashtag\/AC?src=hash&amp;ref_src=twsrc%5Etfw\">#AC<\/a> de Maduro da\u00f1ara gravemente la causa <a href=\"https:\/\/twitter.com\/hashtag\/AC?src=hash&amp;ref_src=twsrc%5Etfw\">#AC<\/a> en Chile. <a href=\"https:\/\/twitter.com\/hashtag\/LosLiberales?src=hash&amp;ref_src=twsrc%5Etfw\">#LosLiberales<\/a> no nos confundimos, condenaremos la 1era y defenderemos la 2da<\/p>\n<p>&mdash; Luis Felipe Ramos (@feliperamos1980) <a href=\"https:\/\/twitter.com\/feliperamos1980\/status\/892421026042322945?ref_src=twsrc%5Etfw\">August 1, 2017<\/a><\/p><\/blockquote>\n<p><script async src=\"https:\/\/platform.twitter.com\/widgets.js\" charset=\"utf-8\"><\/script><\/p>\n<blockquote class=\"twitter-tweet\" data-width=\"550\" data-dnt=\"true\">\n<p lang=\"es\" dir=\"ltr\">La declaraci\u00f3n de <a href=\"https:\/\/twitter.com\/hashtag\/LosLiberales?src=hash&amp;ref_src=twsrc%5Etfw\">#LosLiberales<\/a> rechazando lo que sucede en <a href=\"https:\/\/twitter.com\/hashtag\/Venezuela?src=hash&amp;ref_src=twsrc%5Etfw\">#Venezuela<\/a>. <a href=\"https:\/\/t.co\/DfiJAKwJdK\">pic.twitter.com\/DfiJAKwJdK<\/a><\/p>\n<p>&mdash; Partido Liberal (@Liberales_Chile) <a href=\"https:\/\/twitter.com\/Liberales_Chile\/status\/892159660249276416?ref_src=twsrc%5Etfw\">July 31, 2017<\/a><\/p><\/blockquote>\n<p><script async src=\"https:\/\/platform.twitter.com\/widgets.js\" charset=\"utf-8\"><\/script><\/p>\n<blockquote class=\"twitter-tweet\" data-width=\"550\" data-dnt=\"true\">\n<p lang=\"es\" dir=\"ltr\">Muy bien!<br \/>&quot;O el asilo contra la opresi\u00f3n&quot;<a href=\"https:\/\/t.co\/fzKFiUIeqH\">https:\/\/t.co\/fzKFiUIeqH<\/a><\/p>\n<p>&mdash; Vlado Mirosevic (@vladomirosevic) <a href=\"https:\/\/twitter.com\/vladomirosevic\/status\/892539275933253633?ref_src=twsrc%5Etfw\">August 2, 2017<\/a><\/p><\/blockquote>\n<p><script async src=\"https:\/\/platform.twitter.com\/widgets.js\" charset=\"utf-8\"><\/script><\/p>\n","protected":false},"excerpt":{"rendered":"<p>El Partido Liberal, que integra el Frente Amplio, expres\u00f3 su rechazo al proceso constituyente que se est\u00e1 llevando a cabo en Venezuela. A trav\u00e9s de una declaraci\u00f3n p\u00fablica, la colectividad lament\u00f3 la \u201cola de violencia callejera m\u00e1s grande en la \u00faltima d\u00e9cada\u201d y asegur\u00f3 que el gobierno de Nicol\u00e1s Maduro no ha tenido por finalidad [&hellip;]<\/p>\n","protected":false},"author":1,"featured_media":2177,"comment_status":"closed","ping_status":"closed","sticky":false,"template":"","format":"standard","meta":{"footnotes":""},"categories":[7,16],"tags":[],"class_list":["post-2176","post","type-post","status-publish","format-standard","has-post-thumbnail","hentry","category-noticias-liberales","category-internet"],"_links":{"self":[{"href":"https:\/\/ciudadliberal.cl\/index.php?rest_route=\/wp\/v2\/posts\/2176","targetHints":{"allow":["GET"]}}],"collection":[{"href":"https:\/\/ciudadliberal.cl\/index.php?rest_route=\/wp\/v2\/posts"}],"about":[{"href":"https:\/\/ciudadliberal.cl\/index.php?rest_route=\/wp\/v2\/types\/post"}],"author":[{"embeddable":true,"href":"https:\/\/ciudadliberal.cl\/index.php?rest_route=\/wp\/v2\/users\/1"}],"replies":[{"embeddable":true,"href":"https:\/\/ciudadliberal.cl\/index.php?rest_route=%2Fwp%2Fv2%2Fcomments&post=2176"}],"version-history":[{"count":1,"href":"https:\/\/ciudadliberal.cl\/index.php?rest_route=\/wp\/v2\/posts\/2176\/revisions"}],"predecessor-version":[{"id":2178,"href":"https:\/\/ciudadliberal.cl\/index.php?rest_route=\/wp\/v2\/posts\/2176\/revisions\/2178"}],"wp:featuredmedia":[{"embeddable":true,"href":"https:\/\/ciudadliberal.cl\/index.php?rest_route=\/wp\/v2\/media\/2177"}],"wp:attachment":[{"href":"https:\/\/ciudadliberal.cl\/index.php?rest_route=%2Fwp%2Fv2%2Fmedia&parent=2176"}],"wp:term":[{"taxonomy":"category","embeddable":true,"href":"https:\/\/ciudadliberal.cl\/index.php?rest_route=%2Fwp%2Fv2%2Fcategories&post=2176"},{"taxonomy":"post_tag","embeddable":true,"href":"https:\/\/ciudadliberal.cl\/index.php?rest_route=%2Fwp%2Fv2%2Ftags&post=2176"}],"curies":[{"name":"wp","href":"https:\/\/api.w.org\/{rel}","templated":true}]}}