{"id":2035,"date":"2017-07-21T23:06:18","date_gmt":"2017-07-22T03:06:18","guid":{"rendered":"https:\/\/ciudadliberal.cl\/?p=2035"},"modified":"2017-07-21T23:38:06","modified_gmt":"2017-07-22T03:38:06","slug":"aborto-3-causales-lily-perez-recibe-una-felicitacion-impensada","status":"publish","type":"post","link":"https:\/\/ciudadliberal.cl\/?p=2035","title":{"rendered":"Aborto 3 causales: Lily P\u00e9rez recibe una felicitaci\u00f3n impensada"},"content":{"rendered":"<p>\u201cEstoy convencida que debe ser la mujer la que decida y no el Estado\u201d. Con esas palabras la senadora Lily P\u00e9rez inici\u00f3 su argumentaci\u00f3n luego de votar a favor del proyecto que despenaliza el aborto en tres causales, riesgo de vida de la madre, inviabilidad del feto y violaci\u00f3n.<\/p>\n<p>\u201c(\u2026) \u00bfAcaso no hay aborto en Chile? \u00bfAcaso no venden el Mizotrol en internet para tratar la \u00falcera? \u00bfAcaso eso no se hace a trav\u00e9s de las p\u00e1ginas web? \u00bfQue acaso creen que las mujeres van a hacerlo porque son irresponsables, son malas o son brujas? Me da mucha rabia. Por favor,<strong>pensemos bien lo que se est\u00e1 votando, y no me callo, no me voy a callar porque soy mujer y quiero defender lo que las mujeres sentimos\u201d, dijo la parlamentaria en esa oportunidad.<\/strong><\/p>\n<p>Su discurso fue ampliamente valorado en redes sociales. Incluso el actor Pablo Schwarz, conocido por sus \u00e1cidos comentarios en Twitter, dirigi\u00f3 unas escuetas palabras de felicitaciones hacia la parlamentaria de Amplitud<\/p>\n<p>Fuente: http:\/\/www.eldinamo.cl\/nacional\/2017\/07\/20\/aborto-3-causales-lily-perez-recibe-una-felicitacion-impensada\/<\/p>\n","protected":false},"excerpt":{"rendered":"<p>\u201cEstoy convencida que debe ser la mujer la que decida y no el Estado\u201d. Con esas palabras la senadora Lily P\u00e9rez inici\u00f3 su argumentaci\u00f3n luego de votar a favor del proyecto que despenaliza el aborto en tres causales, riesgo de vida de la madre, inviabilidad del feto y violaci\u00f3n. \u201c(\u2026) \u00bfAcaso no hay aborto en [&hellip;]<\/p>\n","protected":false},"author":1,"featured_media":2036,"comment_status":"closed","ping_status":"closed","sticky":false,"template":"","format":"standard","meta":{"footnotes":""},"categories":[16],"tags":[],"class_list":["post-2035","post","type-post","status-publish","format-standard","has-post-thumbnail","hentry","category-internet"],"_links":{"self":[{"href":"https:\/\/ciudadliberal.cl\/index.php?rest_route=\/wp\/v2\/posts\/2035","targetHints":{"allow":["GET"]}}],"collection":[{"href":"https:\/\/ciudadliberal.cl\/index.php?rest_route=\/wp\/v2\/posts"}],"about":[{"href":"https:\/\/ciudadliberal.cl\/index.php?rest_route=\/wp\/v2\/types\/post"}],"author":[{"embeddable":true,"href":"https:\/\/ciudadliberal.cl\/index.php?rest_route=\/wp\/v2\/users\/1"}],"replies":[{"embeddable":true,"href":"https:\/\/ciudadliberal.cl\/index.php?rest_route=%2Fwp%2Fv2%2Fcomments&post=2035"}],"version-history":[{"count":1,"href":"https:\/\/ciudadliberal.cl\/index.php?rest_route=\/wp\/v2\/posts\/2035\/revisions"}],"predecessor-version":[{"id":2037,"href":"https:\/\/ciudadliberal.cl\/index.php?rest_route=\/wp\/v2\/posts\/2035\/revisions\/2037"}],"wp:featuredmedia":[{"embeddable":true,"href":"https:\/\/ciudadliberal.cl\/index.php?rest_route=\/wp\/v2\/media\/2036"}],"wp:attachment":[{"href":"https:\/\/ciudadliberal.cl\/index.php?rest_route=%2Fwp%2Fv2%2Fmedia&parent=2035"}],"wp:term":[{"taxonomy":"category","embeddable":true,"href":"https:\/\/ciudadliberal.cl\/index.php?rest_route=%2Fwp%2Fv2%2Fcategories&post=2035"},{"taxonomy":"post_tag","embeddable":true,"href":"https:\/\/ciudadliberal.cl\/index.php?rest_route=%2Fwp%2Fv2%2Ftags&post=2035"}],"curies":[{"name":"wp","href":"https:\/\/api.w.org\/{rel}","templated":true}]}}