{"id":2032,"date":"2017-07-21T23:02:36","date_gmt":"2017-07-22T03:02:36","guid":{"rendered":"https:\/\/ciudadliberal.cl\/?p=2032"},"modified":"2017-07-21T23:02:36","modified_gmt":"2017-07-22T03:02:36","slug":"meade-el-macron-mexicano","status":"publish","type":"post","link":"https:\/\/ciudadliberal.cl\/?p=2032","title":{"rendered":"Meade, el Macron mexicano"},"content":{"rendered":"<p class=\"selectionShareable\">La estrategia Macron suena fuerte en la c\u00fapula pol\u00edtica nacional. A los empresarios les agrada la idea de tener un Emmanuel Macron mexicano y para Los Pinos es la \u00fanica alternativa de triunfo. El \u00fanico pol\u00edtico que llena el perfil es el secretario de Hacienda, Jos\u00e9 Antonio Meade.<\/p>\n<p>En los c\u00edrculos de la pol\u00edtica no es un secreto que Meade tiene el visto bueno del gremio empresarial, tiene buena imagen en el exterior y no se le ha podido sacar ning\u00fan expediente negro. Para muchos, Meade es igual a Macron. La historia de la elecci\u00f3n presidencial de Francia se podr\u00eda reeditar en M\u00e9xico, eso el pr\u00f3ximo a\u00f1o se sabr\u00e1; mientras tanto, el l\u00edder de Morena, Andr\u00e9s Manuel L\u00f3pez Obrador, encabeza todas las encuestas rumbo a la Presidencia. Dentro del PRI, Miguel \u00c1ngel Osorio Chong pelea el liderazgo con Eruviel \u00c1vila. Mientras que en el PAN la pelea ser\u00e1 entre Margarita Zavala, Ricardo Anaya y Rafael Moreno Valle. As\u00ed que atentos, que esta pel\u00edcula todav\u00eda no tiene final.<\/p>\n<p class=\"selectionShareable\"><strong>Espionaje.<\/strong> En la llamada \u2018pecera\u2019 priista, la famosa sala de juntas de la bancada priista en San L\u00e1zaro se habr\u00eda propuesto que rodar\u00e1n cabezas en la PGR y gobernaci\u00f3n por las filtraciones de espionaje de gobierno en contra de periodistas y activistas, lo que se busca es que el PRI no salga m\u00e1s raspado de este tema. En los pasillos de la C\u00e1mara de Diputados se menciona que el legislador sinaloense Enrique Jackson har\u00e1 la propuesta en reuni\u00f3n con el secretario de Gobierno, Miguel \u00c1ngel Osorio Chong, y el procurador Ra\u00fal Cervantes, la idea es pedir la renuncia de funcionarios de segundo y tercer nivel para que se vean acciones. A dicha propuesta se le ven pocas posibilidades, sobre todo en Gobernaci\u00f3n, donde el equipo de Osorio Chong est\u00e1 m\u00e1s fuerte que nunca.<\/p>\n<div id=\"adg_main\"><\/div>\n<p class=\"selectionShareable\"><strong>Diputados.<\/strong> Con zafarrancho y jaloneos inici\u00f3 la sesi\u00f3n de la Comisi\u00f3n de Fiscalizaci\u00f3n del Congreso del Estado. El presidente de dicha Comisi\u00f3n, Jos\u00e9 Menchaca, hasta mand\u00f3 a su asesor a que se parara enfrente de una c\u00e1mara para que no trasmitieran, el pleito empez\u00f3 en plan grande. No era para menos, se estaban revisando las cuentas p\u00fablicas del Gobierno del Estado del primer y segundo semestre del a\u00f1o pasado; al final, el dictamen fue aprobado con cuatro votos a favor y tres en contra. En pocas palabras, los diputados que votaron a favor de aprobarle las cuentas p\u00fablicas al exgobernador Malova fueron los diputados priistas Jos\u00e9 Menchaca, Maru Medina, Tom\u00e1s Amador y Ana Cecilia Moreno Romero. Cabe destacar que Moreno Romo hab\u00eda votado en contra, pero recibi\u00f3 tremendo jal\u00f3n de orejas y tuvo que cambiar el sentido de su voto.<\/p>\n<p>En contra votaron Zen\u00e9n X\u00f3chihua, del PAN; Crecenciano Espericueta, del Panal; y V\u00edctor Corrales, del PAS. Desde mediod\u00eda, las redes sociales se inundaron con consignas contra los diputados priistas, tambi\u00e9n circulan las fotos y nombres recordando que en un a\u00f1o van a pedir el voto. Hay quienes se atreven a decir que los m\u00e1s afectados meditativamente ser\u00e1n los j\u00f3venes diputados Maru Medina, Tom\u00e1s Amador y Ana Cecilia Moreno, quienes estar\u00edan \u2018tatemando\u2019 su carrera pol\u00edtica. Ser\u00e1 hasta la pr\u00f3xima semana cuando se voten las cuentas p\u00fablicas. La ciudadan\u00eda est\u00e1 m\u00e1s pendiente que nunca de las decisiones de sus representantes.<\/p>\n<p class=\"selectionShareable\"><strong>Congreso. <\/strong>Todo est\u00e1 alineado para que ma\u00f1ana se apruebe en el Congreso del Estado la iniciativa que propone derogar los p\u00e1rrafos sexto y s\u00e9ptimo del art\u00edculo 37. Seg\u00fan los priistas, \u201cdespolitizar\u201d las cuentas p\u00fablicas; y, seg\u00fan la oposici\u00f3n, dejar ciegos y mudos a los diputados. Se espera que la bancada priista vote a favor con respaldo del PAS, Verde y Panal. Pendientes.<\/p>\n<p class=\"selectionShareable\"><strong>Labor.<\/strong> Los informes de trabajo son una buena herramienta para que los ciudadanos eval\u00faen a los servidores p\u00fablicos o quien los representa. El regidor que ha estado haciendo la diferencia en el cabildo de Culiac\u00e1n es No\u00e9 Heredia, quien present\u00f3 un muy oportuno informe de acciones en estos primeros seis meses de gesti\u00f3n. Destaca que ha dado respuesta a m\u00e1s de mil 143 solicitudes de apoyo social. Adem\u00e1s de mantener atenci\u00f3n permanente y brindar becas a estudiantes. Tambi\u00e9n se le ha visto muy activo en colonias y apoyando a los bomberos en el pasado incendio del basur\u00f3n municipal. Heredia tiene extensa trayectoria en el partido y es de los nombres que seguramente estar\u00e1n en las boletas del pr\u00f3ximo a\u00f1o.<\/p>\n<p>por Hector Ponce<\/p>\n<p>Fuente: https:\/\/www.debate.com.mx\/opinion\/Meade-el-Macron-mexicano-20170720-0014.html<\/p>\n","protected":false},"excerpt":{"rendered":"<p>La estrategia Macron suena fuerte en la c\u00fapula pol\u00edtica nacional. A los empresarios les agrada la idea de tener un Emmanuel Macron mexicano y para Los Pinos es la \u00fanica alternativa de triunfo. El \u00fanico pol\u00edtico que llena el perfil es el secretario de Hacienda, Jos\u00e9 Antonio Meade. En los c\u00edrculos de la pol\u00edtica no [&hellip;]<\/p>\n","protected":false},"author":1,"featured_media":2033,"comment_status":"closed","ping_status":"closed","sticky":false,"template":"","format":"standard","meta":{"footnotes":""},"categories":[13],"tags":[],"class_list":["post-2032","post","type-post","status-publish","format-standard","has-post-thumbnail","hentry","category-voces"],"_links":{"self":[{"href":"https:\/\/ciudadliberal.cl\/index.php?rest_route=\/wp\/v2\/posts\/2032","targetHints":{"allow":["GET"]}}],"collection":[{"href":"https:\/\/ciudadliberal.cl\/index.php?rest_route=\/wp\/v2\/posts"}],"about":[{"href":"https:\/\/ciudadliberal.cl\/index.php?rest_route=\/wp\/v2\/types\/post"}],"author":[{"embeddable":true,"href":"https:\/\/ciudadliberal.cl\/index.php?rest_route=\/wp\/v2\/users\/1"}],"replies":[{"embeddable":true,"href":"https:\/\/ciudadliberal.cl\/index.php?rest_route=%2Fwp%2Fv2%2Fcomments&post=2032"}],"version-history":[{"count":1,"href":"https:\/\/ciudadliberal.cl\/index.php?rest_route=\/wp\/v2\/posts\/2032\/revisions"}],"predecessor-version":[{"id":2034,"href":"https:\/\/ciudadliberal.cl\/index.php?rest_route=\/wp\/v2\/posts\/2032\/revisions\/2034"}],"wp:featuredmedia":[{"embeddable":true,"href":"https:\/\/ciudadliberal.cl\/index.php?rest_route=\/wp\/v2\/media\/2033"}],"wp:attachment":[{"href":"https:\/\/ciudadliberal.cl\/index.php?rest_route=%2Fwp%2Fv2%2Fmedia&parent=2032"}],"wp:term":[{"taxonomy":"category","embeddable":true,"href":"https:\/\/ciudadliberal.cl\/index.php?rest_route=%2Fwp%2Fv2%2Fcategories&post=2032"},{"taxonomy":"post_tag","embeddable":true,"href":"https:\/\/ciudadliberal.cl\/index.php?rest_route=%2Fwp%2Fv2%2Ftags&post=2032"}],"curies":[{"name":"wp","href":"https:\/\/api.w.org\/{rel}","templated":true}]}}