{"id":1920,"date":"2017-07-14T00:03:17","date_gmt":"2017-07-14T04:03:17","guid":{"rendered":"https:\/\/ciudadliberal.cl\/?p=1920"},"modified":"2017-07-14T00:03:17","modified_gmt":"2017-07-14T04:03:17","slug":"felipe-kast-llama-a-usar-dinero-de-gratuidad-universal-en-reforma-a-los-ninos","status":"publish","type":"post","link":"https:\/\/ciudadliberal.cl\/?p=1920","title":{"rendered":"Felipe Kast llama a usar dinero de gratuidad universal en \u201creforma a los ni\u00f1os\u00bb"},"content":{"rendered":"<div class=\"single-content content\">\n<p>Luego de conocerse los casos de muertes en el Sename, el diputado <strong>Felipe Kast<\/strong> (Ev\u00f3p) pide a la gente que la \u00ab<strong>Reforma de los Ni\u00f1os<\/strong>\u00bb sea realidad, exigi\u00e9ndole a los parlamentarios y candidatos presidenciales que se comprometan con una reforma estructural. No obstante, recuerda que este lunes se vota en el Congreso el proyecto de gratuidad en la educaci\u00f3n superior \u2014propuesto por la Confech\u2014 que tiene el mismo costo que la de los menores. En ese sentido, precisa que no hay recursos para ambos proyectos por lo que se debe optar (y de hacerlo, hay que hacerlo por los ni\u00f1os).<\/p>\n<p>\u00abPidamos un m\u00ednimo de consecuencia, es una inmoralidad que los ni\u00f1os, simplemente porque no marchan, se queden al final de la fila\u00bb, emplaza Kast.<\/p>\n<p>El ex abanderado presidencial de Ev\u00f3poli detalla que el Parlamento debate un proyecto de ley que entrega US1.400 millones a los estudiantes universitarios, lo mismo que la Reforma de la Infancia.<\/p>\n<p>\u00abNo podemos comenzar construyendo el quinto piso sin haber construido las bases de la casa. <strong>La desigualdad injusta se juega en los primeros seis a\u00f1os de vida<\/strong>\u00ab, dice Kast.<\/p>\n<p>\u00ab<strong>Yo elijo a los ni\u00f1os, espero que t\u00fa tambi\u00e9n. Ay\u00fadame a lograr que muchos m\u00e1s se sumen a esta causa<\/strong>\u00ab, concluye.<\/p>\n<ul>\n<li>El programa completo en: <a href=\"http:\/\/www.losni%C3%B1osprimero.com\/\" target=\"_blank\" rel=\"noopener\">http:\/\/www.losni\u00f1osprimero.com\/\u00a0<\/a><\/li>\n<\/ul>\n<\/div>\n","protected":false},"excerpt":{"rendered":"<p>Luego de conocerse los casos de muertes en el Sename, el diputado Felipe Kast (Ev\u00f3p) pide a la gente que la \u00abReforma de los Ni\u00f1os\u00bb sea realidad, exigi\u00e9ndole a los parlamentarios y candidatos presidenciales que se comprometan con una reforma estructural. No obstante, recuerda que este lunes se vota en el Congreso el proyecto de [&hellip;]<\/p>\n","protected":false},"author":1,"featured_media":1421,"comment_status":"closed","ping_status":"closed","sticky":false,"template":"","format":"standard","meta":{"footnotes":""},"categories":[16],"tags":[],"class_list":["post-1920","post","type-post","status-publish","format-standard","has-post-thumbnail","hentry","category-internet"],"_links":{"self":[{"href":"https:\/\/ciudadliberal.cl\/index.php?rest_route=\/wp\/v2\/posts\/1920","targetHints":{"allow":["GET"]}}],"collection":[{"href":"https:\/\/ciudadliberal.cl\/index.php?rest_route=\/wp\/v2\/posts"}],"about":[{"href":"https:\/\/ciudadliberal.cl\/index.php?rest_route=\/wp\/v2\/types\/post"}],"author":[{"embeddable":true,"href":"https:\/\/ciudadliberal.cl\/index.php?rest_route=\/wp\/v2\/users\/1"}],"replies":[{"embeddable":true,"href":"https:\/\/ciudadliberal.cl\/index.php?rest_route=%2Fwp%2Fv2%2Fcomments&post=1920"}],"version-history":[{"count":1,"href":"https:\/\/ciudadliberal.cl\/index.php?rest_route=\/wp\/v2\/posts\/1920\/revisions"}],"predecessor-version":[{"id":1921,"href":"https:\/\/ciudadliberal.cl\/index.php?rest_route=\/wp\/v2\/posts\/1920\/revisions\/1921"}],"wp:featuredmedia":[{"embeddable":true,"href":"https:\/\/ciudadliberal.cl\/index.php?rest_route=\/wp\/v2\/media\/1421"}],"wp:attachment":[{"href":"https:\/\/ciudadliberal.cl\/index.php?rest_route=%2Fwp%2Fv2%2Fmedia&parent=1920"}],"wp:term":[{"taxonomy":"category","embeddable":true,"href":"https:\/\/ciudadliberal.cl\/index.php?rest_route=%2Fwp%2Fv2%2Fcategories&post=1920"},{"taxonomy":"post_tag","embeddable":true,"href":"https:\/\/ciudadliberal.cl\/index.php?rest_route=%2Fwp%2Fv2%2Ftags&post=1920"}],"curies":[{"name":"wp","href":"https:\/\/api.w.org\/{rel}","templated":true}]}}