{"id":1836,"date":"2017-07-04T22:43:26","date_gmt":"2017-07-05T02:43:26","guid":{"rendered":"https:\/\/ciudadliberal.cl\/?p=1836"},"modified":"2017-07-04T22:43:26","modified_gmt":"2017-07-05T02:43:26","slug":"ex-presidente-lugo-llega-a-la-presidencia-del-senado-con-la-derecha-paraguaya","status":"publish","type":"post","link":"https:\/\/ciudadliberal.cl\/?p=1836","title":{"rendered":"Ex presidente Lugo llega a la presidencia del senado con la derecha paraguaya"},"content":{"rendered":"<div>El expresidente paraguayo Fernando Lugo (2008-2012), del izquierdista Frente Guasu, asumi\u00f3 el lunes 3 de julio del 2017 formalmente la Presidencia del Congreso y de la C\u00e1mara de Senadores, que hasta ahora ostentaba Roberto Acevedo, del Partido Liberal, quien no estuvo presente en el acto administrativo de asunci\u00f3n. Lugo encabezar\u00e1 la mesa directiva de la C\u00e1mara alta junto a los senadores Jorge Oviedo Matto, de la formaci\u00f3n conservadora Unace, y Blas Llano, de la corriente disidente del Partido Liberal, quienes actuar\u00e1n respectivamente como vicepresidentes primero y segundo. El acto, que se desarroll\u00f3 en el despacho de la Presidencia del Senado, estuvo supervisado por el contralor general de la Rep\u00fablica, Enrique Garc\u00eda, y la escribana mayor del Gobierno, Marta Narvaja. Lugo expres\u00f3 a trav\u00e9s de su cuenta oficial de prensa en Twitter que invita a seguir \u00abapostando a lo que la gente desea, a lo que la gente espera y merece\u00bb. \u00abTendremos un gran desaf\u00edo. No ser\u00e1 f\u00e1cil, pero tampoco ser\u00e1 imposible\u00bb, dijo el nuevo presidente del Congreso en un video del acto de asunci\u00f3n publicado en la red social. Lugo ya ejerci\u00f3 el s\u00e1bado como presidente del Congreso durante el acto de presentaci\u00f3n del informe anual por parte del presidente paraguayo, Horacio Cartes.<\/p>\n<p><small>Este contenido ha sido publicado originalmente por <strong>Diario EL COMERCIO en la siguiente direcci\u00f3n: <a href=\"https:\/\/www.elcomercio.com\/actualidad\/expresidente-lugo-presidencia-congreso-paraguay.html\">https:\/\/www.elcomercio.com\/actualidad\/expresidente-lugo-presidencia-congreso-paraguay.html. Si est\u00e1 pensando en hacer uso del mismo, por favor, cite la fuente y haga un enlace hacia la nota original de donde usted ha tomado este contenido. <b>ElComercio.com<\/b><\/a><\/strong><\/small><\/div>\n","protected":false},"excerpt":{"rendered":"<p>El expresidente paraguayo Fernando Lugo (2008-2012), del izquierdista Frente Guasu, asumi\u00f3 el lunes 3 de julio del 2017 formalmente la Presidencia del Congreso y de la C\u00e1mara de Senadores, que hasta ahora ostentaba Roberto Acevedo, del Partido Liberal, quien no estuvo presente en el acto administrativo de asunci\u00f3n. Lugo encabezar\u00e1 la mesa directiva de la [&hellip;]<\/p>\n","protected":false},"author":1,"featured_media":1837,"comment_status":"closed","ping_status":"closed","sticky":false,"template":"","format":"standard","meta":{"footnotes":""},"categories":[2],"tags":[],"class_list":["post-1836","post","type-post","status-publish","format-standard","has-post-thumbnail","hentry","category-portada"],"_links":{"self":[{"href":"https:\/\/ciudadliberal.cl\/index.php?rest_route=\/wp\/v2\/posts\/1836","targetHints":{"allow":["GET"]}}],"collection":[{"href":"https:\/\/ciudadliberal.cl\/index.php?rest_route=\/wp\/v2\/posts"}],"about":[{"href":"https:\/\/ciudadliberal.cl\/index.php?rest_route=\/wp\/v2\/types\/post"}],"author":[{"embeddable":true,"href":"https:\/\/ciudadliberal.cl\/index.php?rest_route=\/wp\/v2\/users\/1"}],"replies":[{"embeddable":true,"href":"https:\/\/ciudadliberal.cl\/index.php?rest_route=%2Fwp%2Fv2%2Fcomments&post=1836"}],"version-history":[{"count":1,"href":"https:\/\/ciudadliberal.cl\/index.php?rest_route=\/wp\/v2\/posts\/1836\/revisions"}],"predecessor-version":[{"id":1838,"href":"https:\/\/ciudadliberal.cl\/index.php?rest_route=\/wp\/v2\/posts\/1836\/revisions\/1838"}],"wp:featuredmedia":[{"embeddable":true,"href":"https:\/\/ciudadliberal.cl\/index.php?rest_route=\/wp\/v2\/media\/1837"}],"wp:attachment":[{"href":"https:\/\/ciudadliberal.cl\/index.php?rest_route=%2Fwp%2Fv2%2Fmedia&parent=1836"}],"wp:term":[{"taxonomy":"category","embeddable":true,"href":"https:\/\/ciudadliberal.cl\/index.php?rest_route=%2Fwp%2Fv2%2Fcategories&post=1836"},{"taxonomy":"post_tag","embeddable":true,"href":"https:\/\/ciudadliberal.cl\/index.php?rest_route=%2Fwp%2Fv2%2Ftags&post=1836"}],"curies":[{"name":"wp","href":"https:\/\/api.w.org\/{rel}","templated":true}]}}