{"id":1825,"date":"2017-07-04T01:07:20","date_gmt":"2017-07-04T05:07:20","guid":{"rendered":"https:\/\/ciudadliberal.cl\/?p=1825"},"modified":"2017-07-04T01:13:30","modified_gmt":"2017-07-04T05:13:30","slug":"alemania-protege-a-fundadora-de-mezquita-liberal","status":"publish","type":"post","link":"https:\/\/ciudadliberal.cl\/?p=1825","title":{"rendered":"Alemania protege a fundadora de mezquita liberal"},"content":{"rendered":"<div class=\"group\">\n<div class=\"longText\">\n<p>La abogada y escritora feminista Seyran Ates (foto), fundadora de una mezquita liberal en Berl\u00edn, ha visto reforzado el servicio de protecci\u00f3n estatal a su alrededor debido al creciente n\u00famero de amenazas de muerte que ha recibido. Ates goza ahora de vigilancia policial durante todas las horas del d\u00eda. Hasta ahora ha recibido un centenar de amenazas contra su vida. As\u00ed lo inform\u00f3 la edici\u00f3n dominical del diario Die Welt (2.7.2017).<\/p>\n<p>Esta cr\u00edtica de las comunidades isl\u00e1micas conservadoras inaugur\u00f3 la mezquita Ibn Rushd Goethe en el barrio berlin\u00e9s de Moabit el 16 de junio. All\u00ed les est\u00e1 permitido predicar tanto a hombres como a mujeres y sus puertas est\u00e1n abiertas para sunitas, chiitas y seguidores de otras creencias isl\u00e1micas.\u00a0\u00abLa mayor\u00eda de los imam tienen una relaci\u00f3n problem\u00e1tica con la libertad religiosa, la igualdad y los derechos de las personas homosexuales. Ellos predican un Islam del pasado. Eso significa que los musulmanes liberales en Alemania no tienen un lugar para ellos\u201d, comentaba Ates tras la apertura de la mezquita.<\/p>\n<p>\u00abEsta mezquita constituye una oportunidad para que los musulmanes se vuelvan a definir\u201d, se\u00f1al\u00f3 Abdel-Hakim Ourghi, quien junto a Ates ha puesto en marcha el proyecto.\u00a0Seyran Ates naci\u00f3 en Turqu\u00eda y reside en Alemania desde que ten\u00eda seis a\u00f1os. Ella decidi\u00f3 impulsar la apertura de una mezquita liberal porque, seg\u00fan reconoci\u00f3, en la comunidad isl\u00e1mica existente en Alemania se ha sentido discriminada como mujer.<\/p>\n<p>\u00abPara m\u00ed, ser musulmana y al mismo tiempo feminista no es ninguna contradicci\u00f3n. Siempre he sido creyente, pero durante un largo tiempo he percibido la religi\u00f3n como algo perteneciente a la esfera privada y me resist\u00eda a mostrar p\u00fablicamente mis creencias y a organizarme con otras personas que quieren un Islam moderno\u201d, se\u00f1al\u00f3 Ates recientemente en una entrevista concedida al semanario alem\u00e1n <em>Der Spiegel<\/em>.<\/p>\n<p>Por el momento, la mezquita liberal ocupa la sala de una iglesia evang\u00e9lica, pero sus impulsores conf\u00edan en que a mediano plazo podr\u00e1n contar con un edificio propio. ( AFP \/ dpa )<\/p>\n<\/div>\n<\/div>\n","protected":false},"excerpt":{"rendered":"<p>La abogada y escritora feminista Seyran Ates (foto), fundadora de una mezquita liberal en Berl\u00edn, ha visto reforzado el servicio de protecci\u00f3n estatal a su alrededor debido al creciente n\u00famero de amenazas de muerte que ha recibido. Ates goza ahora de vigilancia policial durante todas las horas del d\u00eda. Hasta ahora ha recibido un centenar [&hellip;]<\/p>\n","protected":false},"author":1,"featured_media":1826,"comment_status":"closed","ping_status":"closed","sticky":false,"template":"","format":"standard","meta":{"footnotes":""},"categories":[15],"tags":[],"class_list":["post-1825","post","type-post","status-publish","format-standard","has-post-thumbnail","hentry","category-libertades-civiles"],"_links":{"self":[{"href":"https:\/\/ciudadliberal.cl\/index.php?rest_route=\/wp\/v2\/posts\/1825","targetHints":{"allow":["GET"]}}],"collection":[{"href":"https:\/\/ciudadliberal.cl\/index.php?rest_route=\/wp\/v2\/posts"}],"about":[{"href":"https:\/\/ciudadliberal.cl\/index.php?rest_route=\/wp\/v2\/types\/post"}],"author":[{"embeddable":true,"href":"https:\/\/ciudadliberal.cl\/index.php?rest_route=\/wp\/v2\/users\/1"}],"replies":[{"embeddable":true,"href":"https:\/\/ciudadliberal.cl\/index.php?rest_route=%2Fwp%2Fv2%2Fcomments&post=1825"}],"version-history":[{"count":1,"href":"https:\/\/ciudadliberal.cl\/index.php?rest_route=\/wp\/v2\/posts\/1825\/revisions"}],"predecessor-version":[{"id":1827,"href":"https:\/\/ciudadliberal.cl\/index.php?rest_route=\/wp\/v2\/posts\/1825\/revisions\/1827"}],"wp:featuredmedia":[{"embeddable":true,"href":"https:\/\/ciudadliberal.cl\/index.php?rest_route=\/wp\/v2\/media\/1826"}],"wp:attachment":[{"href":"https:\/\/ciudadliberal.cl\/index.php?rest_route=%2Fwp%2Fv2%2Fmedia&parent=1825"}],"wp:term":[{"taxonomy":"category","embeddable":true,"href":"https:\/\/ciudadliberal.cl\/index.php?rest_route=%2Fwp%2Fv2%2Fcategories&post=1825"},{"taxonomy":"post_tag","embeddable":true,"href":"https:\/\/ciudadliberal.cl\/index.php?rest_route=%2Fwp%2Fv2%2Ftags&post=1825"}],"curies":[{"name":"wp","href":"https:\/\/api.w.org\/{rel}","templated":true}]}}