{"id":1822,"date":"2017-07-04T01:06:06","date_gmt":"2017-07-04T05:06:06","guid":{"rendered":"https:\/\/ciudadliberal.cl\/?p=1822"},"modified":"2017-07-04T01:06:06","modified_gmt":"2017-07-04T05:06:06","slug":"quien-es-leo-varadkar-el-primer-ministro-gay-de-irlanda","status":"publish","type":"post","link":"https:\/\/ciudadliberal.cl\/?p=1822","title":{"rendered":"\u00bfQui\u00e9n es Leo Varadkar, el primer ministro gay de Irlanda?"},"content":{"rendered":"<p><strong>Leo\u00a0Varadkar, de 38 a\u00f1os, gay e hijo de un inmigrante indio<\/strong>,\u00a0se convertir\u00e1 por ello en el nuevo primer ministro de Irlanda, y tambi\u00e9n en el m\u00e1s joven,\u00a0luego que fuera elegido jefe del partido centrista irland\u00e9s Fine Gael con el 60% de los votos.<\/p>\n<p>El nombramiento del joven m\u00e9dico, cuya designaci\u00f3n debe ser aprobada por el Parlamento, es considerado hist\u00f3rico en una naci\u00f3n ampliamente cat\u00f3lica por<strong> motivos de edad, origen y orientaci\u00f3n sexual.<\/strong><\/p>\n<p>Que Irlanda sea tan tolerante como se desprendi\u00f3 de la aprobaci\u00f3n del refer\u00e9ndum del matrimonio homosexual, en 2015, es objeto de debate, pero, en cualquier caso, la sociedad irlandesa es ahora <strong>m\u00e1s urbana, multicultural y secular que nunca<\/strong>.<\/p>\n<p>Unos meses antes de aquel refer\u00e9ndum,\u00a0Varadkar\u00a0revel\u00f3 al p\u00fablico su orientaci\u00f3n sexual, sin embargo ha evitado que defina su carrera.<\/p>\n<p><strong>\u00abNo soy un pol\u00edtico medio indio, ni un pol\u00edtico m\u00e9dico, ni un pol\u00edtico gay.<\/strong> Es simplemente parte de m\u00ed\u00bb, ha dicho.<\/p>\n<p>Considerado hasta entrada la d\u00e9cada de los 80 como <strong>una de las naciones m\u00e1s conservadoras de Europa<\/strong>,\u00a0la Iglesia Cat\u00f3lica ha perdido influencia en Irlanda por culpa de los esc\u00e1ndalos de abusos sexuales a ni\u00f1os, o el trato a las madres solteras en el pasado.<\/p>\n<p><strong>La homosexualidad no fue despenalizada hasta 1993<\/strong> y hace poco un pol\u00edtico irland\u00e9s dec\u00eda que era mejor que dos hombres andaran por la calle con pistolas que de la mano.<\/p>\n<h2>Inteligente, t\u00edmido y conservador<\/h2>\n<p>Varadkar\u00a0ya avis\u00f3 que su homosexualidad no ser\u00e1 un asunto importante y <strong>que no espera que su pareja, Matt Barrett, tambi\u00e9n m\u00e9dico, lo acompa\u00f1e en compromisos oficiales.<\/strong><\/p>\n<p>Hijo de un m\u00e9dico indio de Mumbai y de una enfermera irlandesa, el pr\u00f3ximo primer ministro tiene dos hermanas mayores y creci\u00f3 en Dubl\u00edn.<\/p>\n<p>Pese a su formaci\u00f3n en medicina,<strong> fue elegido concejal cuando ten\u00eda poco m\u00e1s de 20 a\u00f1os<\/strong> y pas\u00f3 a dedicarse completamente a la pol\u00edtica al ser elegido diputado en 2007. Actualmente es ministro de Protecci\u00f3n Social, y ha ocupado otros puestos en el gabinete.<\/p>\n<p>Varadkar\u00a0es descrito como muy inteligente pero t\u00edmido. Tambi\u00e9n se ha ganado reputaci\u00f3n de conservador directo y franco, lo que le ha valido alguna pol\u00e9mica.<\/p>\n<p>En 2008, cuando el desempleo era alto tras el estallido de la crisis, <strong>fue acusado de racista por proponer pagar el billete de regreso a sus pa\u00edses a los extranjeros.<\/strong>\u00a0M\u00e1s recientemente lider\u00f3 una campa\u00f1a contra \u00abquienes abusan de las ayudas sociales\u00bb, tildada de insensible por algunas voces.<\/p>\n<p>Los sondeos no le castigan por ello, y prev\u00e9n que\u00a0Varadkar\u00a0aumente la popularidad del Fine Gael, tras un periodo dif\u00edcil por los recortes presupuestarios. Aunque ha descartado adelantar las elecciones, puede que la tentaci\u00f3n acabe siendo demasiado fuerte.<\/p>\n<p>Fuente: http:\/\/www.t13.cl\/noticia\/mundo\/quien-es-leo-varadkar-primer-ministro-gay-irlanda<\/p>\n","protected":false},"excerpt":{"rendered":"<p>Leo\u00a0Varadkar, de 38 a\u00f1os, gay e hijo de un inmigrante indio,\u00a0se convertir\u00e1 por ello en el nuevo primer ministro de Irlanda, y tambi\u00e9n en el m\u00e1s joven,\u00a0luego que fuera elegido jefe del partido centrista irland\u00e9s Fine Gael con el 60% de los votos. El nombramiento del joven m\u00e9dico, cuya designaci\u00f3n debe ser aprobada por el [&hellip;]<\/p>\n","protected":false},"author":1,"featured_media":1823,"comment_status":"closed","ping_status":"closed","sticky":false,"template":"","format":"standard","meta":{"footnotes":""},"categories":[14,2],"tags":[],"class_list":["post-1822","post","type-post","status-publish","format-standard","has-post-thumbnail","hentry","category-entertainment","category-portada"],"_links":{"self":[{"href":"https:\/\/ciudadliberal.cl\/index.php?rest_route=\/wp\/v2\/posts\/1822","targetHints":{"allow":["GET"]}}],"collection":[{"href":"https:\/\/ciudadliberal.cl\/index.php?rest_route=\/wp\/v2\/posts"}],"about":[{"href":"https:\/\/ciudadliberal.cl\/index.php?rest_route=\/wp\/v2\/types\/post"}],"author":[{"embeddable":true,"href":"https:\/\/ciudadliberal.cl\/index.php?rest_route=\/wp\/v2\/users\/1"}],"replies":[{"embeddable":true,"href":"https:\/\/ciudadliberal.cl\/index.php?rest_route=%2Fwp%2Fv2%2Fcomments&post=1822"}],"version-history":[{"count":1,"href":"https:\/\/ciudadliberal.cl\/index.php?rest_route=\/wp\/v2\/posts\/1822\/revisions"}],"predecessor-version":[{"id":1824,"href":"https:\/\/ciudadliberal.cl\/index.php?rest_route=\/wp\/v2\/posts\/1822\/revisions\/1824"}],"wp:featuredmedia":[{"embeddable":true,"href":"https:\/\/ciudadliberal.cl\/index.php?rest_route=\/wp\/v2\/media\/1823"}],"wp:attachment":[{"href":"https:\/\/ciudadliberal.cl\/index.php?rest_route=%2Fwp%2Fv2%2Fmedia&parent=1822"}],"wp:term":[{"taxonomy":"category","embeddable":true,"href":"https:\/\/ciudadliberal.cl\/index.php?rest_route=%2Fwp%2Fv2%2Fcategories&post=1822"},{"taxonomy":"post_tag","embeddable":true,"href":"https:\/\/ciudadliberal.cl\/index.php?rest_route=%2Fwp%2Fv2%2Ftags&post=1822"}],"curies":[{"name":"wp","href":"https:\/\/api.w.org\/{rel}","templated":true}]}}