{"id":1819,"date":"2017-07-04T01:01:16","date_gmt":"2017-07-04T05:01:16","guid":{"rendered":"https:\/\/ciudadliberal.cl\/?p=1819"},"modified":"2017-07-04T01:01:16","modified_gmt":"2017-07-04T05:01:16","slug":"el-programa-economico-de-felipe-kast","status":"publish","type":"post","link":"https:\/\/ciudadliberal.cl\/?p=1819","title":{"rendered":"El programa econ\u00f3mico de Felipe Kast"},"content":{"rendered":"<div class=\"contenido\">\n<p>En la v\u00edspera de las elecciones primarias de Chile Vamos, me parece interesante revisar algunos aspectos del programa de gobierno presentado por el candidato presidencial de Ev\u00f3poli en materia econ\u00f3mica. Antes, eso s\u00ed, advierto al lector que yo milito en este partido por lo que mi evaluaci\u00f3n puede tener un sesgo natural.<\/p>\n<p>Adem\u00e1s, solo presentar\u00e9 ideas que me parecen llamativas de cara a lo que se ha escuchado en otras candidaturas, quedando pendiente un an\u00e1lisis m\u00e1s exhaustivo.<\/p>\n<p>El programa de Kast destaca en un primer\u00edsimo lugar el rol fundamental del crecimiento de la econom\u00eda en la construcci\u00f3n de una sociedad m\u00e1s libre e inclusiva. Resiente que la tasa de crecimiento observada durante el gobierno vigente (1,9% anual promedio) ha significado a la fecha que los hogares chilenos cuenten con 10% menos de ingresos (1,3 sueldos mensuales perdidos en un a\u00f1o) que los que habr\u00edan tenido si la econom\u00eda hubiese crecido al 4,4% materializado entre 2003 y 2013. Y la brecha podr\u00eda alcanzar a 20% en 2021 si seguimos al ritmo actual. <strong>En este contexto, los dispendiosos proyectos de la NM \u00a0han llevado el d\u00e9ficit fiscal sobre 3% del PIB, lo que hace complejo cerrar el d\u00e9ficit estructural hasta bien entrada la pr\u00f3xima d\u00e9cada. Esto obliga, seg\u00fan el programa de Kast, a plantear de entrada un recorte de 1% del gasto anual (ahorro de US$ 600 millones), doloroso pero imprescindible.<\/strong><\/p>\n<p><strong>Se postula reformar la enrevesada estructura tributaria que heredaremos del gobierno de Bachelet, que no s\u00f3lo ha incumplido sus objetivos de recaudaci\u00f3n, sino que tambi\u00e9n ha desmotivado la inversi\u00f3n privada y dejado a los contribuyentes casi cautivos del arbitrio del SII.<\/strong> Ante eso, el programa propone volver a integrar el impuesto a la renta en 100% -equidad horizontal- e igualar la tasa corporativa con la tasa m\u00e1xima de las personas en 27%. Con ello, se pretende eliminar los incentivos a que las personas eludan impuestos creando sociedades ficticias u otros vericuetos. Para fomentar la reinversi\u00f3n de utilidades, se plantea un mecanismo de depreciaci\u00f3n instant\u00e1nea y permanente de los activos fijos y cr\u00e9ditos tributarios a la inversi\u00f3n en capital humano. Asimismo, se postula la consideraci\u00f3n del costo de oportunidad del capital propio como gasto, para equiparar su trato con el del financiamiento de la inversi\u00f3n v\u00eda endeudamiento. Otro aspecto novedoso es la creaci\u00f3n de un \u201cadministrador tributario \u00fanico\u201d que re\u00fana las funciones del SII, Tesorer\u00eda y Aduanas, aut\u00f3nomo, y cuya m\u00e1xima autoridad sea seleccionada con base en sus m\u00e9ritos, ratificada por una mayor\u00eda calificada del Senado, y por un per\u00edodo similar al del Contralor.<\/p>\n<p><strong>En materia regulatoria, el programa hace suyo el planteamiento de la comisi\u00f3n de productividad en orden a instaurar una agencia que est\u00e9 permanentemente revisando la frondosa regulaci\u00f3n existente con el objeto de ajustar las normas para facilitar, en lugar de impedir, la desintermediaci\u00f3n en \u00e1reas como los sistemas de pagos, servicios profesionales, hoteler\u00eda, entre otros. Se propone introducir m\u00e1s competencia en servicios clave, como telefon\u00eda m\u00f3vil y planes digitales, AFP, seguros de salud y los ya mencionados sistemas de pago. En tanto, en lo institucional se propone extender el per\u00edodo del fiscal nacional econ\u00f3mico a seis a\u00f1os, para desfasarlo del ciclo pol\u00edtico, y un esquema de asesor\u00eda especializada a los ministros de la Corte Suprema que deben fallar casos de libre competencia.<\/strong> El programa tambi\u00e9n plantea un ambicioso plan de concesiones de US$ 37.000 millones al a\u00f1o 2025, la mitad de ellos adjudicados al 2020. Se perfeccionar\u00edan los procedimientos en el sistema de concesiones, de manera de ganar m\u00e1s transparencia y al mismo tiempo agilizar su tr\u00e1mite. Por falta de espacio, no es posible abordar otros aspectos tambi\u00e9n destacables del programa. Pero no puedo terminar sin llamar la atenci\u00f3n sobre el \u00e9nfasis puesto en ciencia, tecnolog\u00eda y emprendimiento. En esto \u00faltimo, se propone, entre muchas otras cosas, crear una red de escuelas de emprendimiento a nivel municipal y una red escolar de mentores para el emprendimiento, con la idea de meter a los j\u00f3venes el virtuoso \u201cbichito\u201d emprendedor.<\/p>\n<p><strong>En fin, un programa coherente, responsable y novedoso que vale la pena considerar seriamente.\u00a0<\/strong><\/p>\n<p>Por Felipe Morande<\/p>\n<p>Fuente: http:\/\/www.latercera.com\/voces\/programa-economico-felipe-kast\/<\/p>\n<\/div>\n","protected":false},"excerpt":{"rendered":"<p>En la v\u00edspera de las elecciones primarias de Chile Vamos, me parece interesante revisar algunos aspectos del programa de gobierno presentado por el candidato presidencial de Ev\u00f3poli en materia econ\u00f3mica. Antes, eso s\u00ed, advierto al lector que yo milito en este partido por lo que mi evaluaci\u00f3n puede tener un sesgo natural. Adem\u00e1s, solo presentar\u00e9 [&hellip;]<\/p>\n","protected":false},"author":1,"featured_media":1820,"comment_status":"closed","ping_status":"closed","sticky":false,"template":"","format":"standard","meta":{"footnotes":""},"categories":[13],"tags":[],"class_list":["post-1819","post","type-post","status-publish","format-standard","has-post-thumbnail","hentry","category-voces"],"_links":{"self":[{"href":"https:\/\/ciudadliberal.cl\/index.php?rest_route=\/wp\/v2\/posts\/1819","targetHints":{"allow":["GET"]}}],"collection":[{"href":"https:\/\/ciudadliberal.cl\/index.php?rest_route=\/wp\/v2\/posts"}],"about":[{"href":"https:\/\/ciudadliberal.cl\/index.php?rest_route=\/wp\/v2\/types\/post"}],"author":[{"embeddable":true,"href":"https:\/\/ciudadliberal.cl\/index.php?rest_route=\/wp\/v2\/users\/1"}],"replies":[{"embeddable":true,"href":"https:\/\/ciudadliberal.cl\/index.php?rest_route=%2Fwp%2Fv2%2Fcomments&post=1819"}],"version-history":[{"count":1,"href":"https:\/\/ciudadliberal.cl\/index.php?rest_route=\/wp\/v2\/posts\/1819\/revisions"}],"predecessor-version":[{"id":1821,"href":"https:\/\/ciudadliberal.cl\/index.php?rest_route=\/wp\/v2\/posts\/1819\/revisions\/1821"}],"wp:featuredmedia":[{"embeddable":true,"href":"https:\/\/ciudadliberal.cl\/index.php?rest_route=\/wp\/v2\/media\/1820"}],"wp:attachment":[{"href":"https:\/\/ciudadliberal.cl\/index.php?rest_route=%2Fwp%2Fv2%2Fmedia&parent=1819"}],"wp:term":[{"taxonomy":"category","embeddable":true,"href":"https:\/\/ciudadliberal.cl\/index.php?rest_route=%2Fwp%2Fv2%2Fcategories&post=1819"},{"taxonomy":"post_tag","embeddable":true,"href":"https:\/\/ciudadliberal.cl\/index.php?rest_route=%2Fwp%2Fv2%2Ftags&post=1819"}],"curies":[{"name":"wp","href":"https:\/\/api.w.org\/{rel}","templated":true}]}}