{"id":1817,"date":"2017-07-04T00:58:59","date_gmt":"2017-07-04T04:58:59","guid":{"rendered":"https:\/\/ciudadliberal.cl\/?p=1817"},"modified":"2017-07-04T00:58:59","modified_gmt":"2017-07-04T04:58:59","slug":"la-ligua-lily-perez-se-mostro-conforme-con-auditoria-a-dom-por-supuestas-irregularidades","status":"publish","type":"post","link":"https:\/\/ciudadliberal.cl\/?p=1817","title":{"rendered":"La Ligua: Lily P\u00e9rez se mostr\u00f3 conforme con auditor\u00eda a DOM por supuestas irregularidades"},"content":{"rendered":"<p>Hasta la Contraloria Regional lleg\u00f3 la senadora Lily P\u00e9rez junto a la consejera regional Mar\u00eda Teresa Cerda para verificar el <strong>avance de una auditor\u00eda<\/strong> solicitada debido a las irregularidades que -a juicio de ellas- existir\u00edan en la <strong>modificaci\u00f3n del Plan Intercomunal Valpara\u00edso Sat\u00e9lite Borde Costero Norte<\/strong> (PIV SBCN) y en particular en la localidad de Los Molles, comuna de La Ligua.<\/p>\n<p>Con ello, se permitir\u00eda construir en una zona inundable con un alto valor arqueol\u00f3gico, se\u00f1alando que el lugar est\u00e1 en <strong>inmimente riesgo<\/strong> por el ingreso de nuevos proyectos inmobiliarios.<\/p>\n<p>En relaci\u00f3n a la <strong>auditor\u00eda<\/strong> que est\u00e1 en curso al interior de la <strong>Direcci\u00f3n de Obras del municipio<\/strong> (DOM), la senadora se\u00f1al\u00f3 que est\u00e1 <strong>bien encaminada<\/strong>, lo que los deja conformes.<\/p>\n<p>Adem\u00e1s, el abogado Renato Rodriguez, explic\u00f3 que si contin\u00faan las diligencias en el mismo camino en el cual est\u00e1n hoy, ellos presentar\u00e1n una querella por los delitos de <strong>tr\u00e1fico de influencias<\/strong> y posiblemente asociaci\u00f3n il\u00edcita.<\/p>\n<p>Cabe mencionar que la parlamentaria ya se habia reunido en abril pasado con el fiscal Claudio Rebeco, de la Unidad Anticorrupci\u00f3n de la regi\u00f3n.<\/p>\n<p>Fuente: http:\/\/www.biobiochile.cl\/noticias\/nacional\/region-de-valparaiso\/2017\/06\/30\/la-ligua-lily-perez-se-mostro-conforme-con-auditoria-al-dom-por-supuestas-irregularidades.shtml<\/p>\n","protected":false},"excerpt":{"rendered":"<p>Hasta la Contraloria Regional lleg\u00f3 la senadora Lily P\u00e9rez junto a la consejera regional Mar\u00eda Teresa Cerda para verificar el avance de una auditor\u00eda solicitada debido a las irregularidades que -a juicio de ellas- existir\u00edan en la modificaci\u00f3n del Plan Intercomunal Valpara\u00edso Sat\u00e9lite Borde Costero Norte (PIV SBCN) y en particular en la localidad de [&hellip;]<\/p>\n","protected":false},"author":1,"featured_media":886,"comment_status":"closed","ping_status":"closed","sticky":false,"template":"","format":"standard","meta":{"footnotes":""},"categories":[16,2],"tags":[],"class_list":["post-1817","post","type-post","status-publish","format-standard","has-post-thumbnail","hentry","category-internet","category-portada"],"_links":{"self":[{"href":"https:\/\/ciudadliberal.cl\/index.php?rest_route=\/wp\/v2\/posts\/1817","targetHints":{"allow":["GET"]}}],"collection":[{"href":"https:\/\/ciudadliberal.cl\/index.php?rest_route=\/wp\/v2\/posts"}],"about":[{"href":"https:\/\/ciudadliberal.cl\/index.php?rest_route=\/wp\/v2\/types\/post"}],"author":[{"embeddable":true,"href":"https:\/\/ciudadliberal.cl\/index.php?rest_route=\/wp\/v2\/users\/1"}],"replies":[{"embeddable":true,"href":"https:\/\/ciudadliberal.cl\/index.php?rest_route=%2Fwp%2Fv2%2Fcomments&post=1817"}],"version-history":[{"count":1,"href":"https:\/\/ciudadliberal.cl\/index.php?rest_route=\/wp\/v2\/posts\/1817\/revisions"}],"predecessor-version":[{"id":1818,"href":"https:\/\/ciudadliberal.cl\/index.php?rest_route=\/wp\/v2\/posts\/1817\/revisions\/1818"}],"wp:featuredmedia":[{"embeddable":true,"href":"https:\/\/ciudadliberal.cl\/index.php?rest_route=\/wp\/v2\/media\/886"}],"wp:attachment":[{"href":"https:\/\/ciudadliberal.cl\/index.php?rest_route=%2Fwp%2Fv2%2Fmedia&parent=1817"}],"wp:term":[{"taxonomy":"category","embeddable":true,"href":"https:\/\/ciudadliberal.cl\/index.php?rest_route=%2Fwp%2Fv2%2Fcategories&post=1817"},{"taxonomy":"post_tag","embeddable":true,"href":"https:\/\/ciudadliberal.cl\/index.php?rest_route=%2Fwp%2Fv2%2Ftags&post=1817"}],"curies":[{"name":"wp","href":"https:\/\/api.w.org\/{rel}","templated":true}]}}