{"id":1814,"date":"2017-07-04T00:57:13","date_gmt":"2017-07-04T04:57:13","guid":{"rendered":"https:\/\/ciudadliberal.cl\/?p=1814"},"modified":"2017-07-04T00:57:13","modified_gmt":"2017-07-04T04:57:13","slug":"velasco-a-servel-nos-hicieron-un-dano-tremendo-y-deben-reflexionar-sus-responsabilidades","status":"publish","type":"post","link":"https:\/\/ciudadliberal.cl\/?p=1814","title":{"rendered":"Velasco a Servel: Nos hicieron un da\u00f1o tremendo y deben reflexionar sus responsabilidades"},"content":{"rendered":"<p>A dos meses que el Consejo Directivo del Servel dictaminara la disoluci\u00f3n del partido <strong>\u201cCiudadanos\u201d<\/strong>, este martes el Tricel revoc\u00f3 la medida en contra de la agrupaci\u00f3n liderada por Andr\u00e9s Velasco.<\/p>\n<p>As\u00ed lo estipula el documento emitido por el tribunal, explicando adem\u00e1s que cumplen con el m\u00ednimo de militantes inscritos que exige la ley, por lo que hoy son un <strong>partido pol\u00edtico leg\u00edtimo.<\/strong><\/p>\n<p>Una noticia que en Ciudadanos celebraron y que confirma la hip\u00f3tesis que sostuvieron en los alegatos: que se estaba <strong>actuando de forma equivocada<\/strong>, <strong>cometi\u00e9ndose una gran injusticia. <\/strong><\/p>\n<p>Andr\u00e9s Velasco, se\u00f1al\u00f3 que ac\u00e1 no s\u00f3lo hab\u00edan errores de hecho, como firmas mal contadas, sino adem\u00e1s, interpretaciones err\u00f3neas de parte del Servel, lo que da cuenta tambi\u00e9n de la urgente necesidad de <strong>reestructurar el servicio.<\/strong><\/p>\n<p>Tambi\u00e9n agreg\u00f3 que les hicieron un <strong>da\u00f1o tremendo<\/strong>, y quienes lo hicieron, deben reflexionar acerca de sus responsabilidades.<\/p>\n<p>En tanto desde Amplitud, con quien conforman- junto a Red Liberal- el pacto <strong>\u201cSentido Futuro\u201d<\/strong>, se\u00f1alan estar satisfechos con la nueva resoluci\u00f3n, as\u00ed lo afirm\u00f3 la senadora y presidenta de Amplitud Lily P\u00e9rez.<\/p>\n<p>Desde el sector ha surgido con fuerza la idea de <strong>acuerdos parlamentarios<\/strong>, mucho m\u00e1s all\u00e1 de Sentido Futuro. Un rumor que crece con fuerza debido a los diversos encuentros entre Andr\u00e9s Velasco y el precandidato de Ev\u00f3poli, Felipe Kast.<\/p>\n<p>A\u00fan as\u00ed ambos aseguran que son reuniones de ideas,<strong> descartando fines electorales<\/strong>. Kast, se\u00f1al\u00f3 que est\u00e1 trabajando por Chile Vamos y all\u00ed se enmarcar\u00e1n los acuerdos.<\/p>\n<p>Desde el Servel no se referir\u00e1n al tema, pero aseguran que se acatar\u00e1 el fallo, en tanto, Andr\u00e9s Vel\u00e1sco, ya puede ser candidato a senador por el Maule, informaci\u00f3n que se\u00f1ala, no confirmar\u00e1 en Santiago.<\/p>\n","protected":false},"excerpt":{"rendered":"<p>A dos meses que el Consejo Directivo del Servel dictaminara la disoluci\u00f3n del partido \u201cCiudadanos\u201d, este martes el Tricel revoc\u00f3 la medida en contra de la agrupaci\u00f3n liderada por Andr\u00e9s Velasco. As\u00ed lo estipula el documento emitido por el tribunal, explicando adem\u00e1s que cumplen con el m\u00ednimo de militantes inscritos que exige la ley, por [&hellip;]<\/p>\n","protected":false},"author":1,"featured_media":1771,"comment_status":"closed","ping_status":"closed","sticky":false,"template":"","format":"standard","meta":{"footnotes":""},"categories":[16,2],"tags":[],"class_list":["post-1814","post","type-post","status-publish","format-standard","has-post-thumbnail","hentry","category-internet","category-portada"],"_links":{"self":[{"href":"https:\/\/ciudadliberal.cl\/index.php?rest_route=\/wp\/v2\/posts\/1814","targetHints":{"allow":["GET"]}}],"collection":[{"href":"https:\/\/ciudadliberal.cl\/index.php?rest_route=\/wp\/v2\/posts"}],"about":[{"href":"https:\/\/ciudadliberal.cl\/index.php?rest_route=\/wp\/v2\/types\/post"}],"author":[{"embeddable":true,"href":"https:\/\/ciudadliberal.cl\/index.php?rest_route=\/wp\/v2\/users\/1"}],"replies":[{"embeddable":true,"href":"https:\/\/ciudadliberal.cl\/index.php?rest_route=%2Fwp%2Fv2%2Fcomments&post=1814"}],"version-history":[{"count":1,"href":"https:\/\/ciudadliberal.cl\/index.php?rest_route=\/wp\/v2\/posts\/1814\/revisions"}],"predecessor-version":[{"id":1816,"href":"https:\/\/ciudadliberal.cl\/index.php?rest_route=\/wp\/v2\/posts\/1814\/revisions\/1816"}],"wp:featuredmedia":[{"embeddable":true,"href":"https:\/\/ciudadliberal.cl\/index.php?rest_route=\/wp\/v2\/media\/1771"}],"wp:attachment":[{"href":"https:\/\/ciudadliberal.cl\/index.php?rest_route=%2Fwp%2Fv2%2Fmedia&parent=1814"}],"wp:term":[{"taxonomy":"category","embeddable":true,"href":"https:\/\/ciudadliberal.cl\/index.php?rest_route=%2Fwp%2Fv2%2Fcategories&post=1814"},{"taxonomy":"post_tag","embeddable":true,"href":"https:\/\/ciudadliberal.cl\/index.php?rest_route=%2Fwp%2Fv2%2Ftags&post=1814"}],"curies":[{"name":"wp","href":"https:\/\/api.w.org\/{rel}","templated":true}]}}