{"id":1810,"date":"2017-07-04T00:54:53","date_gmt":"2017-07-04T04:54:53","guid":{"rendered":"https:\/\/ciudadliberal.cl\/?p=1810"},"modified":"2017-07-04T00:54:53","modified_gmt":"2017-07-04T04:54:53","slug":"justin-trudeau-y-la-diplomacia-del-calcetin","status":"publish","type":"post","link":"https:\/\/ciudadliberal.cl\/?p=1810","title":{"rendered":"Justin Trudeau y la diplomacia del calcet\u00edn"},"content":{"rendered":"<div>\n<p>El<strong> estilo de los hombres<\/strong> se podr\u00eda clasificar en dos tipos: el de aquellos que usan discretos calcetines lisos y el de los que los llevan de dibujos\/colores. Los segundos, menos numerosos y casi siempre con cierta influencia anglosajona, encuentran divertido lo que los dem\u00e1s ven rid\u00edculo. Sea como fuere, el <strong>despliegue de calcetines <\/strong>de colores del primer ministro canadiense, Justin Trudeau, se han convertido en todo un <a href=\"http:\/\/www.abc.es\/estilo\/abci-imagenes-justin-trudeau-joven-y-sin-camiseta-vuelven-loco-internet-201703021218_noticia.html\">arma de eficaz comunicaci\u00f3n diplom\u00e1tica<\/a>.<\/p>\n<p>Aunque los precedentes sean numerosos, es cierto que no siempre se han dado en un primer ministro en activo. <a href=\"http:\/\/www.abc.es\/internacional\/abci-bush-senior-arremete-contra-rumsfeld-cheney-y-propio-hijo-201511052153_noticia.html\">George H.W. Bush<\/a>, ha utilizado calcetines de colores, rayas y dibujos, si bien no lo hac\u00eda durante su mandato como presidente -ni como vicepresidente- de los Estados Unidos, sino una vez retirado. Adem\u00e1s, ya mayor y a menudo en silla de ruedas, tambi\u00e9n <strong>los ha utilizado para mostrar la bandera<\/strong> estadounidense o las rayas de los colores nacionales.<\/p>\n<p>Un personaje que puso de moda los calcetines de color fuerte hace dos d\u00e9cadas fue <strong>Sir Peter Blake<\/strong>, el famoso regatista neozeland\u00e9s desaparecido en 2001 a manos de unos piratas en el delta del Amazonas, en la costa de Brasil. Durante la Copa Am\u00e9rica de 1995 en San Diego, Peter Blake puso de moda sus calcetines rojos, un regalo de su mujer -Pippa- que le tra\u00eda suerte en las regatas importantes. A partir de entonces, cada vez que el barco neozeland\u00e9s \u00abBlack Magic\u00bb se hac\u00eda a la mar, Blake llevaba un par de <strong>llamativos calcetines rojos<\/strong>. La tripulaci\u00f3n del barco se apunt\u00f3 al detalle que les servir\u00eda siempre de amuleto de la suerte en las competiciones, y pronto se extendi\u00f3 su uso en Nueva Zelanda, desde el primer ministro hasta el obrero de la construcci\u00f3n, como s\u00edmbolo de orgullo nacional.<\/p>\n<div id=\"roba_cintillo-id\"><\/div>\n<p>Ahora es Justin Trudeau, el <a href=\"http:\/\/www.abc.es\/estilo\/gente\/abci-calcetines-justin-trudeau-201706271626_noticia.html\">joven primer ministro canadiense<\/a>, el que ha comenzado a utilizar los calcetines de dibujos y colores con fines protocolarios. La \u00faltima imagen le muestra durante el <strong>desfile del Orgullo Gay en Toronto<\/strong> hace unos d\u00edas, con unos calcetines con las rayas multicolor de la bandera del colectivo. Adem\u00e1s, se ha hecho saber que los calcetines se hacen en Toronto en una empresa local llamada Halal Socks -un nombre con claros or\u00edgenes- y cuestan 14.99 d\u00f3lares. Hace semanas, durante la celebraci\u00f3n del d\u00eda nacional, apareci\u00f3 en las cataratas de Ni\u00e1gara durante el show televisivo estadounidense \u00abLive with Kelly and Ryan\u00bb con unos patri\u00f3ticos calcetines que llevaban la hoja de arce de la bandera canadiense. En mayo, durante una reuni\u00f3n de la OTAN en Bruselas, el primer ministro Trudeau luci\u00f3 unos calcetines de colores con la bandera de dicho organismo y en otras ocasiones, ha llevado modelos de \u00abStar Wars\u00bb o distintos ejemplares de rayas, rombos o dibujos.<\/p>\n<p>En los \u00faltimos meses, esta profusi\u00f3n de calcetines decorados ha hecho que en las <a href=\"http:\/\/www.abc.es\/familia\/educacion\/abci-postureo-redes-sociales-crece-durante-vacaciones-201706270123_noticia.html\">redes sociales <\/a>rueden las palabras \u00abTrudeau\u00bb y \u00abcalcet\u00edn\u00bb -en ingl\u00e9s, claro &#8211; y es evidente que el primer ministro muestra con su elecci\u00f3n de calcetines, una <strong>cierta empat\u00eda hacia la organizaci\u00f3n<\/strong>, pa\u00eds o comunidad de turno. Se trata de un signo m\u00e1s de la proverbial capacidad de Canad\u00e1 para <strong>permanecer neutral <\/strong>y amigable en casi cualquier situaci\u00f3n pol\u00edtica. Claro que, los canadienses comienzan a preguntarse si su primer ministro podr\u00e1 dejar su labor de embajador omnipresente del pa\u00eds y comenzar a hacer algo para mejorar su d\u00eda a d\u00eda.<\/p>\n<\/div>\n<p>Fuente: www.abc.es\/estilo\/moda\/abci-justin-trudeau-y-diplomacia-calcetin-201706300115_noticia.html<\/p>\n","protected":false},"excerpt":{"rendered":"<p>El estilo de los hombres se podr\u00eda clasificar en dos tipos: el de aquellos que usan discretos calcetines lisos y el de los que los llevan de dibujos\/colores. Los segundos, menos numerosos y casi siempre con cierta influencia anglosajona, encuentran divertido lo que los dem\u00e1s ven rid\u00edculo. Sea como fuere, el despliegue de calcetines de [&hellip;]<\/p>\n","protected":false},"author":1,"featured_media":1811,"comment_status":"closed","ping_status":"closed","sticky":false,"template":"","format":"standard","meta":{"footnotes":""},"categories":[14,2],"tags":[],"class_list":["post-1810","post","type-post","status-publish","format-standard","has-post-thumbnail","hentry","category-entertainment","category-portada"],"_links":{"self":[{"href":"https:\/\/ciudadliberal.cl\/index.php?rest_route=\/wp\/v2\/posts\/1810","targetHints":{"allow":["GET"]}}],"collection":[{"href":"https:\/\/ciudadliberal.cl\/index.php?rest_route=\/wp\/v2\/posts"}],"about":[{"href":"https:\/\/ciudadliberal.cl\/index.php?rest_route=\/wp\/v2\/types\/post"}],"author":[{"embeddable":true,"href":"https:\/\/ciudadliberal.cl\/index.php?rest_route=\/wp\/v2\/users\/1"}],"replies":[{"embeddable":true,"href":"https:\/\/ciudadliberal.cl\/index.php?rest_route=%2Fwp%2Fv2%2Fcomments&post=1810"}],"version-history":[{"count":1,"href":"https:\/\/ciudadliberal.cl\/index.php?rest_route=\/wp\/v2\/posts\/1810\/revisions"}],"predecessor-version":[{"id":1812,"href":"https:\/\/ciudadliberal.cl\/index.php?rest_route=\/wp\/v2\/posts\/1810\/revisions\/1812"}],"wp:featuredmedia":[{"embeddable":true,"href":"https:\/\/ciudadliberal.cl\/index.php?rest_route=\/wp\/v2\/media\/1811"}],"wp:attachment":[{"href":"https:\/\/ciudadliberal.cl\/index.php?rest_route=%2Fwp%2Fv2%2Fmedia&parent=1810"}],"wp:term":[{"taxonomy":"category","embeddable":true,"href":"https:\/\/ciudadliberal.cl\/index.php?rest_route=%2Fwp%2Fv2%2Fcategories&post=1810"},{"taxonomy":"post_tag","embeddable":true,"href":"https:\/\/ciudadliberal.cl\/index.php?rest_route=%2Fwp%2Fv2%2Ftags&post=1810"}],"curies":[{"name":"wp","href":"https:\/\/api.w.org\/{rel}","templated":true}]}}