{"id":1807,"date":"2017-07-04T00:52:59","date_gmt":"2017-07-04T04:52:59","guid":{"rendered":"https:\/\/ciudadliberal.cl\/?p=1807"},"modified":"2017-07-04T00:52:59","modified_gmt":"2017-07-04T04:52:59","slug":"eres-liberal-o-progresista","status":"publish","type":"post","link":"https:\/\/ciudadliberal.cl\/?p=1807","title":{"rendered":"\u00bfEres Liberal o progresista?"},"content":{"rendered":"<div>\n<div>De acuerdo con la Real Academia Espa\u00f1ola, progresista es una persona de ideas y actitudes avanzadas y ser liberal es ser comprensivo, respetuoso y tolerante con las ideas y los modos de vida distintos de los propios.<\/div>\n<div><\/div>\n<div>Si lo cita por favor cite la fuente, manteniendo un enlace a la informaci\u00f3n original. Derechos Reservados, Sociedad Editora de Michoac\u00e1n S.A. de C.V.<\/div>\n<div><\/div>\n<\/div>\n<div>En nuestro pa\u00eds mucha gente cree que ser progresista o liberal es un tema de orientaci\u00f3n partidista o de simple autodeterminaci\u00f3n.<\/div>\n<div>Nada m\u00e1s falso que eso. Ning\u00fan partido pol\u00edtico tiene el monopolio del progreso y del liberalismo, a pesar de que los partidos de izquierda son los que tradicionalmente enarbolan banderas progresistas y liberales, sin que esto signifique que las ponen en pr\u00e1ctica. Mucho menos eres progresista y liberal por s\u00f3lo decirlo o hasta creerlo. En este caso, como en muchos otros m\u00e1s, para serlo hay que practicarlo.<\/div>\n<div><\/div>\n<div>A todos aquellos que se consideran progresistas y liberales les invito a contestar el cuestionario siguiente: 1- \u00bfEst\u00e1s en favor de la descriminalizaci\u00f3n de la mariguana? 2- \u00bfEst\u00e1s en favor del matrimonio entre personas del mismo sexo? 3- \u00bfEst\u00e1s en favor del derecho de la mujer a decidir sobre la interrupci\u00f3n del embarazo? 4- \u00bfEstas en favor de la adopci\u00f3n de menores por parejas del mismo sexo? 5- \u00bfCrees que es discriminaci\u00f3n juzgar a una persona por tener tatuajes? 6- \u00bfCrees que hombres y mujeres tienen los mismos derechos? 7- \u00bfCrees en la libertad de culto y respetas las creencias de quienes profesan otras religiones distintas a la tuya? 8- \u00bfEst\u00e1s de acuerdo en que las labores del hogar deben ser compartidas y equitativas? 9- \u00bfCrees que los animales tienen derechos? 10- \u00bfAcostumbras ponerte en el lugar del otro antes de hacer un juicio o tomar una determinaci\u00f3n? Si respondiste que s\u00ed a seis o m\u00e1s de las preguntas, sin duda eres progresista y liberal, independientemente de tu orientaci\u00f3n partidista; adem\u00e1s, se vale tener reservas en algunos temas, no es obligaci\u00f3n estar en favor de todo aquello a mucha gente le causa prurito.<\/div>\n<div><\/div>\n<div>Nuestras circunstancias y vivencias sin duda nos acercan o nos alejan de ciertas posturas controvertidas; el chiste es que seamos mayoritariamente tolerantes y respetuosos del otro. Ahora bien, si respondiste que no a seis o m\u00e1s de las interrogantes, sin duda, adem\u00e1s de conservador, eres intolerante, y est\u00e1 bien, se vale, de eso se trata, de respetar la identidad de cada ser, con sus filias y con sus fobias por igual, satanizarte es caer en la misma intolerancia que se combate. En fin, el d\u00eda que nuestra sociedad comprenda el tema de la otredad \u2013el discurso del otro\u2013 tendremos mejores ciudadanos y, por ende, un mejor pa\u00eds.<\/p>\n<p>Este texto ha sido publicado en el sitio Cambio de Michoac\u00e1n, en la direcci\u00f3n <a href=\"http:\/\/www.cambiodemichoacan.com.mx\/columna-nc25452\">http:\/\/www.cambiodemichoacan.com.mx\/columna-nc25452<\/a><br \/>\nSi lo cita por favor cite la fuente, manteniendo un enlace a la informaci\u00f3n original. Derechos Reservados, Sociedad Editora de Michoac\u00e1n S.A. de C.V.<\/div>\n","protected":false},"excerpt":{"rendered":"<p>De acuerdo con la Real Academia Espa\u00f1ola, progresista es una persona de ideas y actitudes avanzadas y ser liberal es ser comprensivo, respetuoso y tolerante con las ideas y los modos de vida distintos de los propios. Si lo cita por favor cite la fuente, manteniendo un enlace a la informaci\u00f3n original. Derechos Reservados, Sociedad [&hellip;]<\/p>\n","protected":false},"author":1,"featured_media":1808,"comment_status":"closed","ping_status":"closed","sticky":false,"template":"","format":"standard","meta":{"footnotes":""},"categories":[13],"tags":[],"class_list":["post-1807","post","type-post","status-publish","format-standard","has-post-thumbnail","hentry","category-voces"],"_links":{"self":[{"href":"https:\/\/ciudadliberal.cl\/index.php?rest_route=\/wp\/v2\/posts\/1807","targetHints":{"allow":["GET"]}}],"collection":[{"href":"https:\/\/ciudadliberal.cl\/index.php?rest_route=\/wp\/v2\/posts"}],"about":[{"href":"https:\/\/ciudadliberal.cl\/index.php?rest_route=\/wp\/v2\/types\/post"}],"author":[{"embeddable":true,"href":"https:\/\/ciudadliberal.cl\/index.php?rest_route=\/wp\/v2\/users\/1"}],"replies":[{"embeddable":true,"href":"https:\/\/ciudadliberal.cl\/index.php?rest_route=%2Fwp%2Fv2%2Fcomments&post=1807"}],"version-history":[{"count":1,"href":"https:\/\/ciudadliberal.cl\/index.php?rest_route=\/wp\/v2\/posts\/1807\/revisions"}],"predecessor-version":[{"id":1809,"href":"https:\/\/ciudadliberal.cl\/index.php?rest_route=\/wp\/v2\/posts\/1807\/revisions\/1809"}],"wp:featuredmedia":[{"embeddable":true,"href":"https:\/\/ciudadliberal.cl\/index.php?rest_route=\/wp\/v2\/media\/1808"}],"wp:attachment":[{"href":"https:\/\/ciudadliberal.cl\/index.php?rest_route=%2Fwp%2Fv2%2Fmedia&parent=1807"}],"wp:term":[{"taxonomy":"category","embeddable":true,"href":"https:\/\/ciudadliberal.cl\/index.php?rest_route=%2Fwp%2Fv2%2Fcategories&post=1807"},{"taxonomy":"post_tag","embeddable":true,"href":"https:\/\/ciudadliberal.cl\/index.php?rest_route=%2Fwp%2Fv2%2Ftags&post=1807"}],"curies":[{"name":"wp","href":"https:\/\/api.w.org\/{rel}","templated":true}]}}