{"id":1801,"date":"2017-07-04T00:47:26","date_gmt":"2017-07-04T04:47:26","guid":{"rendered":"https:\/\/ciudadliberal.cl\/?p=1801"},"modified":"2017-07-04T00:47:26","modified_gmt":"2017-07-04T04:47:26","slug":"big-mac-o-sea-macron","status":"publish","type":"post","link":"https:\/\/ciudadliberal.cl\/?p=1801","title":{"rendered":"Big Mac; o sea, Macron"},"content":{"rendered":"<p>No me averg\u00fcenzo de admirar a ese jovencito que va a presidir mi pa\u00eds durante los pr\u00f3ximos cinco a\u00f1os. Su victoria me ha flipado. Propongo que lo apodemos Big Mac. \u00bfTenemos derecho a estar contentos por que un joven progresista haya ganado a una demagoga nacionalista? No soy humorista, sino novelista y como tal lo que me gusta de <a href=\"https:\/\/internacional.elpais.com\/internacional\/2017\/06\/21\/actualidad\/1498044258_400611.html\" target=\"_blank\" rel=\"noopener\">Macron<\/a> es que es un personaje de novela. Me recuerda a Eug\u00e8ne de Montignac (de <em>La comedia humana<\/em>) o a Julien Sorel (el h\u00e9roe de <em>Rojo y negro<\/em>). El joven provinciano arribista que empieza seduciendo a su profesora casada, antes de introducirse en Par\u00eds y dominar Francia. A partir de ahora los franceses tendremos derecho a cinco a\u00f1os de novela a lo Balzac o <a href=\"https:\/\/elpais.com\/diario\/1991\/02\/15\/opinion\/666572407_850215.html\" target=\"_blank\" rel=\"noopener\">a lo Stendha<\/a>l en el El\u00edseo. Esperemos que no acabe demasiado pronto convertido en\u2026 <em>\u00a1Las ilusiones perdidas!<\/em><\/p>\n<p>Los que m\u00e1s gracia me hacen en este momento son todos los perdedores que se niegan a perder. La extrema izquierda y la extrema derecha. Y tambi\u00e9n una parte de los republicanos e incluso algunos socialistas. Todos quisieron tomarse la revancha <a href=\"https:\/\/internacional.elpais.com\/internacional\/2017\/06\/18\/actualidad\/1497772120_342865.html\" target=\"_blank\" rel=\"noopener\">en las elecciones legislativas<\/a>. Me encantan sus argumentos: \u201cAcabamos de elegir un nuevo presidente, ahora impid\u00e1mosle que gobierne\u201d. Pero volvi\u00f3 a ganar Macron.<\/p>\n<div class=\"sumario__interior\">\n<div class=\"sumario-texto\">\n<p class=\"texto_grande\">Con su simp\u00e1tica sonrisa, Macron se ha quitado de encima a todas esas antiguallas que llevaban 30 a\u00f1os aferradas al poder<\/p>\n<\/div>\n<\/div>\n<p>Ha ganado, as\u00ed que d\u00e9mosle una oportunidad. Co\u00f1o, hace falta valor para ir a debatir con la pescadera de <em>Ast\u00e9rix<\/em>, ya sab\u00e9is, esa que grita siempre: \u201c\u00bfNo est\u00e1 fresco mi pescado?\u201d. Yo no me hubiera podido resistir a romperle una silla en la cabeza.<\/p>\n<p>El gran argumento contra Emmanuel Macron es que ha sido banquero. Me encantar\u00eda entenderlo. La mayor\u00eda de los que critican a los bancos tiene una cuenta bancaria, utilizan un talonario de cheques y tienen una tarjeta de cr\u00e9dito. Si es una profesi\u00f3n prohibida por ley, no estaba al tanto. Vale, el sistema financiero explota y arruina el planeta, pero el banquero que acaba de ser elegido dej\u00f3 un curro en el que ganaba 100.000 euros al mes (en Rothschild &amp; Cie) por otro en el que cobrar\u00e1 15.000 (presidente de La V Rep\u00fablica).<\/p>\n<p>\u00a1O es un santo o es un enfermo mental! Adem\u00e1s, me permito recordar que ya tuvimos un presidente que hab\u00eda trabajado como banquero en Rothschild, se llamaba Georges Pompidou y no fue ni de lejos nuestro peor presidente. \u00a1Circulaba en un Porsche mientras fumaba cigarrillos! Bueno, aquella era otra \u00e9poca.<\/p>\n<p>Solo espero que Macron no se venga muy arriba, porque a m\u00ed se me ir\u00eda la cabeza. No me comer\u00eda precisamente un filete con patatas en La Rotonde, sino que bajar\u00eda todas las noches a la bodega de Petrus en el El\u00edseo. Para mi proclamaci\u00f3n subir\u00eda los Campos El\u00edseos en pelotas sobre el techo del coche blindado haciendo el helic\u00f3ptero con mi polla.<\/p>\n<p>Enga\u00f1ar\u00eda a Brigitte, la mujer de Macron, con sus dos hijas y sus dos maridos, los cuatro juntos, s\u00ed, en los jardines de palacio. Me pondr\u00eda una camiseta <em>Fuck me, I\u2019m famous<\/em> en el G20. Coger\u00eda el Airbus presidencial para hacer <em>loopings<\/em> sobre el <a href=\"https:\/\/elpais.com\/tag\/festival_cannes\/a\" target=\"_blank\" rel=\"noopener\">Festival de Cannes<\/a>, \u00bfvale? Menos mal que yo no soy Big Mac.<\/p>\n<p>Y su movimiento, En Marcha, lo entiendo como \u201cmueve tu culo\u201d, \u201ces factible\u201d, \u201cpuedes hacer realidad tus sue\u00f1os\u201d, \u201ctodo es posible\u201d. Quiz\u00e1s est\u00e9 en pleno delirio pero reconoced que es majete este diablillo. Con su simp\u00e1tica sonrisa ha conseguido quitarse de encima a todas esas antiguallas que llevaban aferr\u00e1ndose al poder desde hace 30 a\u00f1os. Los espa\u00f1oles ten\u00e9is vuestro propio clon, Albert Rivera. Y \u00e9l tiene adem\u00e1s una ventaja: <a href=\"https:\/\/elpais.com\/elpais\/2006\/09\/16\/actualidad\/1158394620_850215.html\" target=\"_blank\" rel=\"noopener\">ya ha posado desnudo en los carteles.<\/a> No os fi\u00e9is de su sonrisa. \u00a1Ya os he avisado!<\/p>\n<p>Por<span class=\"autor-nombre\">\u00a0Fr\u00e9d\u00e9ric Beigbeder <\/span><\/p>\n","protected":false},"excerpt":{"rendered":"<p>No me averg\u00fcenzo de admirar a ese jovencito que va a presidir mi pa\u00eds durante los pr\u00f3ximos cinco a\u00f1os. Su victoria me ha flipado. Propongo que lo apodemos Big Mac. \u00bfTenemos derecho a estar contentos por que un joven progresista haya ganado a una demagoga nacionalista? No soy humorista, sino novelista y como tal lo [&hellip;]<\/p>\n","protected":false},"author":1,"featured_media":1802,"comment_status":"closed","ping_status":"closed","sticky":false,"template":"","format":"standard","meta":{"footnotes":""},"categories":[2,13],"tags":[],"class_list":["post-1801","post","type-post","status-publish","format-standard","has-post-thumbnail","hentry","category-portada","category-voces"],"_links":{"self":[{"href":"https:\/\/ciudadliberal.cl\/index.php?rest_route=\/wp\/v2\/posts\/1801","targetHints":{"allow":["GET"]}}],"collection":[{"href":"https:\/\/ciudadliberal.cl\/index.php?rest_route=\/wp\/v2\/posts"}],"about":[{"href":"https:\/\/ciudadliberal.cl\/index.php?rest_route=\/wp\/v2\/types\/post"}],"author":[{"embeddable":true,"href":"https:\/\/ciudadliberal.cl\/index.php?rest_route=\/wp\/v2\/users\/1"}],"replies":[{"embeddable":true,"href":"https:\/\/ciudadliberal.cl\/index.php?rest_route=%2Fwp%2Fv2%2Fcomments&post=1801"}],"version-history":[{"count":1,"href":"https:\/\/ciudadliberal.cl\/index.php?rest_route=\/wp\/v2\/posts\/1801\/revisions"}],"predecessor-version":[{"id":1803,"href":"https:\/\/ciudadliberal.cl\/index.php?rest_route=\/wp\/v2\/posts\/1801\/revisions\/1803"}],"wp:featuredmedia":[{"embeddable":true,"href":"https:\/\/ciudadliberal.cl\/index.php?rest_route=\/wp\/v2\/media\/1802"}],"wp:attachment":[{"href":"https:\/\/ciudadliberal.cl\/index.php?rest_route=%2Fwp%2Fv2%2Fmedia&parent=1801"}],"wp:term":[{"taxonomy":"category","embeddable":true,"href":"https:\/\/ciudadliberal.cl\/index.php?rest_route=%2Fwp%2Fv2%2Fcategories&post=1801"},{"taxonomy":"post_tag","embeddable":true,"href":"https:\/\/ciudadliberal.cl\/index.php?rest_route=%2Fwp%2Fv2%2Ftags&post=1801"}],"curies":[{"name":"wp","href":"https:\/\/api.w.org\/{rel}","templated":true}]}}