{"id":1799,"date":"2017-07-04T00:44:36","date_gmt":"2017-07-04T04:44:36","guid":{"rendered":"https:\/\/ciudadliberal.cl\/?p=1799"},"modified":"2017-07-04T00:44:36","modified_gmt":"2017-07-04T04:44:36","slug":"felipe-kast-probablemente-estoy-mas-cerca-de-ciudadanos-que-de-rn-y-la-udi","status":"publish","type":"post","link":"https:\/\/ciudadliberal.cl\/?p=1799","title":{"rendered":"Felipe Kast: \u201cProbablemente estoy m\u00e1s cerca de Ciudadanos que de RN y la UDI\u201d"},"content":{"rendered":"<p>Esta ser\u00e1 la primera candidatura presidencial de Evoluci\u00f3n Pol\u00edtica (Ev\u00f3poli), el partido m\u00e1s nuevo de Chile Vamos. Por eso al interior de la colectividad hay mucha expectaci\u00f3n por lo que puedan lograr este domingo. Aunque las encuestas de opini\u00f3n p\u00fablica lo ubican como el precandidato menos competitivo de Chile Vamos, el diputado Felipe Kast no pierde las esperanzas de ganarle a Sebasti\u00e1n Pi\u00f1era y a Manuel Jos\u00e9 Ossand\u00f3n. Y su desaf\u00edo no es menor.<\/p>\n<p>El desempe\u00f1o que logre obtener en estas primarias marcar\u00e1 el futuro de su partido, en especial, cuando la coalici\u00f3n est\u00e1 en plena negociaci\u00f3n parlamentaria, instancia a la que Ev\u00f3poli ha pedido competir en igualdad de condiciones, encontr\u00e1ndose en el camino con una serie de obst\u00e1culos. Kast busca posicionar un proyecto de centroderecha liberal, dejando atr\u00e1s el tono m\u00e1s conservador que ha tenido el sector en estos \u00faltimos a\u00f1os. Dice ser liberal, estar a favor del matrimonio igualitario y tambi\u00e9n de la adopci\u00f3n homoparental. A pesar de que ninguna de esas ideas son compartidas con los otros tres partidos de la coalici\u00f3n, la UDI, RN y PRI, el precandidato insiste en que no se equivocan al formar parte de Chile Vamos.<\/p>\n<div class=\"adv-wrapper \"><\/div>\n<p><strong>\u00bfSe siente 100% c\u00f3modo en su coalici\u00f3n?<\/strong><\/p>\n<p>-S\u00ed, me siento muy c\u00f3modo. Independiente de que Ev\u00f3poli lleve muy poco y reci\u00e9n esta va a ser su primera candidatura, estoy seguro que representamos a la mayor\u00eda de los votantes de centroderecha mucho m\u00e1s de lo que hoy d\u00eda los representa la UDI o RN.<\/p>\n<p><strong>\u00bfSu proyecto pol\u00edtico de una nueva derecha, m\u00e1s moderna, m\u00e1s liberal, tiene cabida compartiendo coalici\u00f3n con partidos tan tradicionales como la UDI o RN?<\/strong><\/p>\n<p>-Por supuesto, de hecho ya ocurri\u00f3 en el pasado. Los conservadores y los liberales en la historia de Chile han trabajado en varias ocasiones juntos y lo que pas\u00f3 es que el mundo liberal estuvo muerto, no exist\u00eda dentro de la centroderecha y esa es la anomal\u00eda.<\/p>\n<p><strong>\u00bfEst\u00e1 m\u00e1s cercano a la UDI, RN o a Ciudadanos?<\/strong><\/p>\n<p>-Probablemente estoy m\u00e1s cerca de Ciudadanos que de RN y la UDI. A pesar de que yo piense que ellos debieran estar ac\u00e1, tienen el leg\u00edtimo derecho de no estar en esta coalici\u00f3n, pero yo no voy renunciar a que la centroderecha tengo un pulm\u00f3n liberal importante y esa es nuestra misi\u00f3n. No descarto que en alg\u00fan minuto podamos trabajar con Ciudadanos ya sea en materias program\u00e1ticas puntuales o eventualmente en alg\u00fan pacto electoral. Pero eso hoy d\u00eda no est\u00e1 ocurriendo porque estamos en coaliciones distintas.<\/p>\n<div class=\"adv-wrapper \"><\/div>\n<p><strong>\u00bfLe falta unidad a Chile Vamos?<\/strong><\/p>\n<p>-Creo que no, tenemos a una persona que ha sido muy destructiva que es Ossand\u00f3n. Nosotros hemos jugado con un fair play con \u00e9l y tambi\u00e9n con Sebasti\u00e1n Pi\u00f1era .<\/p>\n<p><strong>\u00bfFue excesivo el fair play con el ex Presidente?<\/strong><\/p>\n<p>-No, en el primer debate dijeron que no toqu\u00e9 a Sebasti\u00e1n Pi\u00f1era. Luego en el segundo debate le hice un par de preguntas sobre Barrancones y todos se tiraron al suelo acusando un foul.<\/p>\n<p><strong>Pero se vio como que la \u00fanica gran cr\u00edtica del gobierno de Pi\u00f1era fue la situaci\u00f3n de Barrancones\u2026<\/strong><\/p>\n<p>-No, la gran cr\u00edtica fue el tema social. La gran cr\u00edtica es que necesitamos proyectar hacia el futuro. Siento que el mundo de Sebasti\u00e1n Pi\u00f1era est\u00e1 pensando que seguimos en la transici\u00f3n y la receta para ese periodo ya no sirve. Entonces se necesita buscar nuevas recetas y para ese nuevo Chile siento que estamos mejor capacitados para darle mayor gobernabilidad al pa\u00eds.<\/p>\n<p><strong>\u00bfCu\u00e1les son las propuestas intransable de su programa?<\/strong><\/p>\n<p>-Son dos, nuestro proyecto de poner a los ni\u00f1os primero en la fila y la reforma al Estado para devolv\u00e9rselo a los ciudadanos y sacar a los operadores pol\u00edticos.<\/p>\n<p><strong>\u00bfPi\u00f1era u Ossand\u00f3n ofrece garant\u00eda de que esas ideas puedan ser incorporadas en caso de que ganen?<\/strong><\/p>\n<p>-Garant\u00eda no hay. Yo esperaba que todos los candidatos tomaran las buenas ideas de los otros y no entiendo por qu\u00e9 hasta el momento eso no ha ocurrido as\u00ed siendo que la propuesta de nosotros es claramente m\u00e1s robusta en materia de infancia que la que ha planteado Sebasti\u00e1n Pi\u00f1era. Si eventualmente llego a perder, cosa que espero no ocurra, voy a trabajar para que esas dos ideas matrices sean parte del programa de Chile Vamos.<\/p>\n<div class=\"adv-wrapper \"><\/div>\n<p><strong>\u00bfCuando le toc\u00f3 ser ministro de Pi\u00f1era vio el Estado cooptado por operadores pol\u00edticos?<\/strong><\/p>\n<p>-Por supuesto, los servicios p\u00fablicos ten\u00edan nombre y apellido de partidos pol\u00edticos. Cuando llegamos nosotros los partidos de la centroderecha lo hicieron menos, pero igual se dio. Hubo mucho enojo de RN porque la UDI pon\u00eda m\u00e1s funcionarios de sus filas. Eso est\u00e1 mal y por eso lo importante de tener una Alta Direcci\u00f3n P\u00fablica ciega por parte del presidente para los cargos en los servicios p\u00fablicos.<\/p>\n<div class=\"adv-wrapper \"><\/div>\n<p><strong>\u00bfY cu\u00e1ndo lleg\u00f3 al ministerio nunca cay\u00f3 en ese juego?<\/strong><\/p>\n<p>-No, de hecho esa fue una de las virtudes que ten\u00eda el Mideplan. Logramos meter a muchas personas que tal vez no pensaban ideol\u00f3gicamente igual al gobierno de turno. La gran gracia que tuvo mi gesti\u00f3n fue sumar gente a un proyecto de largo plazo, que buscaba el m\u00e9rito de la persona y no el partido pol\u00edtico al cual pertenec\u00eda. Me cuesta encontrar militantes de partidos que yo recuerde que hayan entrado al Mideplan.<\/p>\n<p><strong>\u00bfY Pi\u00f1era cay\u00f3 en esa din\u00e1mica?<\/strong><\/p>\n<p>-Pi\u00f1era hizo un esfuerzo genuino de traer a los mejores, el problema fue que ese esfuerzo choc\u00f3 con dos realidades. La primera, fue que los partidos pol\u00edticos le trataban de meter operadores y obviamente entraron varios. Lo segundo, fue que Sebasti\u00e1n Pi\u00f1era debi\u00f3 haber hecho una reforma al Estado para que eso nunca m\u00e1s ocurriera.<\/p>\n<p><strong>\u00bfCree que su campa\u00f1a ha sido elitista, que le falt\u00f3 un tono m\u00e1s popular?<\/strong><\/p>\n<p>-No, si hay algo que hemos logrado es justamente penetrar popularmente. Hemos conseguido hablarle a la clase media de una forma maciza. Estuve el fin de semana en Puente Alto, en San Bernardo, esta campa\u00f1a ha sido tremendamente popular.<\/p>\n<p><strong>\u00bfEso se va a ver reflejado el domingo en las urnas?<\/strong><\/p>\n<p>-As\u00ed va a ser.<\/p>\n<p>Fuente: http:\/\/www.pulso.cl\/actualidad-politica\/felipe-kast-probablemente-estoy-mas-cerca-ciudadanos-rn-la-udi\/<\/p>\n","protected":false},"excerpt":{"rendered":"<p>Esta ser\u00e1 la primera candidatura presidencial de Evoluci\u00f3n Pol\u00edtica (Ev\u00f3poli), el partido m\u00e1s nuevo de Chile Vamos. Por eso al interior de la colectividad hay mucha expectaci\u00f3n por lo que puedan lograr este domingo. Aunque las encuestas de opini\u00f3n p\u00fablica lo ubican como el precandidato menos competitivo de Chile Vamos, el diputado Felipe Kast no [&hellip;]<\/p>\n","protected":false},"author":1,"featured_media":1421,"comment_status":"closed","ping_status":"closed","sticky":false,"template":"","format":"standard","meta":{"footnotes":""},"categories":[10,2],"tags":[],"class_list":["post-1799","post","type-post","status-publish","format-standard","has-post-thumbnail","hentry","category-entrevistas","category-portada"],"_links":{"self":[{"href":"https:\/\/ciudadliberal.cl\/index.php?rest_route=\/wp\/v2\/posts\/1799","targetHints":{"allow":["GET"]}}],"collection":[{"href":"https:\/\/ciudadliberal.cl\/index.php?rest_route=\/wp\/v2\/posts"}],"about":[{"href":"https:\/\/ciudadliberal.cl\/index.php?rest_route=\/wp\/v2\/types\/post"}],"author":[{"embeddable":true,"href":"https:\/\/ciudadliberal.cl\/index.php?rest_route=\/wp\/v2\/users\/1"}],"replies":[{"embeddable":true,"href":"https:\/\/ciudadliberal.cl\/index.php?rest_route=%2Fwp%2Fv2%2Fcomments&post=1799"}],"version-history":[{"count":1,"href":"https:\/\/ciudadliberal.cl\/index.php?rest_route=\/wp\/v2\/posts\/1799\/revisions"}],"predecessor-version":[{"id":1800,"href":"https:\/\/ciudadliberal.cl\/index.php?rest_route=\/wp\/v2\/posts\/1799\/revisions\/1800"}],"wp:featuredmedia":[{"embeddable":true,"href":"https:\/\/ciudadliberal.cl\/index.php?rest_route=\/wp\/v2\/media\/1421"}],"wp:attachment":[{"href":"https:\/\/ciudadliberal.cl\/index.php?rest_route=%2Fwp%2Fv2%2Fmedia&parent=1799"}],"wp:term":[{"taxonomy":"category","embeddable":true,"href":"https:\/\/ciudadliberal.cl\/index.php?rest_route=%2Fwp%2Fv2%2Fcategories&post=1799"},{"taxonomy":"post_tag","embeddable":true,"href":"https:\/\/ciudadliberal.cl\/index.php?rest_route=%2Fwp%2Fv2%2Ftags&post=1799"}],"curies":[{"name":"wp","href":"https:\/\/api.w.org\/{rel}","templated":true}]}}