{"id":1796,"date":"2017-07-04T00:42:36","date_gmt":"2017-07-04T04:42:36","guid":{"rendered":"https:\/\/ciudadliberal.cl\/?p=1796"},"modified":"2017-07-04T00:42:36","modified_gmt":"2017-07-04T04:42:36","slug":"por-que-hay-seis-politicos-paraguayos-refugiados-en-uruguay","status":"publish","type":"post","link":"https:\/\/ciudadliberal.cl\/?p=1796","title":{"rendered":"\u00bfPor qu\u00e9 hay seis pol\u00edticos paraguayos refugiados en Uruguay?"},"content":{"rendered":"<p>El senador del Partido Liberal Radical Aut\u00e9ntico del Paraguay (PLRA), Alberto Wagner, dijo que no hay sectores pol\u00edticos en Uruguay que se opongan a la llegada de los 6 integrantes del partido que pidieron exilio. Tambi\u00e9n cont\u00f3 que el gobierno paraguayo \u201cno tiene pruebas\u201d contra los acusados y que, en Uruguay, integrantes del PLRA se reunieron con senadores del oficialismo y la oposici\u00f3n.<\/p>\n<div class=\"texto\">\n<p>Semanas atr\u00e1s se conoci\u00f3 la noticia de seis integrantes del opositor PLRA que pidieron asilo pol\u00edtico en nuestro pa\u00eds tras ser acusados en Paraguay de la fabricaci\u00f3n de artefactos explosivos caseros.<\/p>\n<p>Este caso se inici\u00f3 a consecuencia de los incidentes que se registraron el 31 de marzo en Asunci\u00f3n cuando una mayor\u00eda del Senado pretendi\u00f3 habilitar la reelecci\u00f3n presidencial por la v\u00eda de la enmienda constitucional. Ese mismo d\u00eda, se produjeron en Asunci\u00f3n violentas protestas contra el proyecto que derivaron en un incendio en el Congreso.<\/p>\n<p>De acuerdo a la Fiscal\u00eda paraguaya, los imputados habr\u00edan permanecido fabricando c\u00f3cteles molotov hasta cerca de la medianoche del pasado 31 de marzo en el local de PLRA, que poco despu\u00e9s fue allanado por efectivos policiales, resultando muerto un joven militante de ese partido, abatido por un agente.<\/p>\n<p>\u201cDe forma totalmente antijur\u00eddica el presidente Horacio Cartes ordena la prisi\u00f3n de Steven Patr\u00f3n, un joven de 21 a\u00f1os que se le ve en las im\u00e1genes con una botella de gaseosa frente al directorio del Partido Liberal Radical Aut\u00e9ntico, que momentos despu\u00e9s es asaltado por la polic\u00eda sin orden judicial, sin un fiscal que acompa\u00f1e y directamente el primer disparo al entrar al directorio, le asesinan a Rodrigo Quintana\u201d, cont\u00f3 Wagner a Suena Tremendo<\/p>\n<p>Wagner afirm\u00f3 que las presuntas bombas molotov eran en realidad botellas de vinagre que se usaron luego de que la polic\u00eda utilizara gases lacrim\u00f3genos para aliviar la irritaci\u00f3n en los ojos.<\/p>\n<p>El senador dijo que los refugiados que llegaron a Uruguay son 6 j\u00f3venes, en su mayor\u00eda entre 18 y 20 a\u00f1os. Wagner indic\u00f3 que desde el gobierno \u201cno tienen una prueba ni un dato en la fiscal\u00eda para tenerles en esta condici\u00f3n\u201d.<\/p>\n<p>\u201cEstuvimos en comunicaci\u00f3n con el senador (Rafael) Michelini. Mostramos las im\u00e1genes, las grabaciones, el discurso de Cartes para ellos fue fundamental. El senador Michelini nos dio la plena solidaridad\u201d, cont\u00f3.<\/p>\n<p>\u201cLa \u00fanica posibilidad de solucionar este problema es que Cartes se vaya. Cartes ordena que sean detenidas las personas; ordena que vayan a la calle; ordena que periodistas, los m\u00e1s importantes del Paraguay, sean procesados y tambi\u00e9n vayan a la c\u00e1rcel con Steven Patr\u00f3n. En una democracia razonable, en un Estado donde hay cierta seguridad jur\u00eddica, nadie podr\u00eda imaginarse que esto podr\u00eda ocurrir. Pero el presidente ordena\u201d, manifest\u00f3.<\/p>\n<p>Wagner acus\u00f3 al presidente de tener un \u201cproblema\u201d con el alcohol y con \u201cotras \u00a0sustancias que ingiere. Dicen que algo \u00e9l consume, que cuando est\u00e1 en el peor momento le genera lucidez\u201d.<\/p>\n<p>\u201cEntiendo que la informaci\u00f3n que necesitamos y queremos que se extienda a toda Latinoam\u00e9rica es este proceso dif\u00edcil y duro que estamos pasando con Cartes, una persona que, seg\u00fan un informe del Departamento de Estado, se enriquece en base al contrabando y enriquece a bandas de delincuentes, como el PCC (Primeiro Comando da Capital) y el Comando Vermelho en Brasil, como Los zetas de M\u00e9xico. Sus socios en el negocio del cigarrillo son PCC y Comando Vermhelo, est\u00e1 comprobado. A trav\u00e9s de su banco lav\u00f3 1200 billones de d\u00f3lares, est\u00e1 comprobado\u201d, cont\u00f3.<\/p>\n<p>\u201cLo que a nosotros nos preocupa es un presidente absolutamente integrado a bandas de delincuentes, tiene unos recursos extraordinarios\u201d.<\/p>\n<p>Fuente: http:\/\/www.espectador.com\/internacionales\/353640\/por-que-hay-seis-politicos-paraguayos-refugiados-en-uruguay<\/p>\n<\/div>\n","protected":false},"excerpt":{"rendered":"<p>El senador del Partido Liberal Radical Aut\u00e9ntico del Paraguay (PLRA), Alberto Wagner, dijo que no hay sectores pol\u00edticos en Uruguay que se opongan a la llegada de los 6 integrantes del partido que pidieron exilio. Tambi\u00e9n cont\u00f3 que el gobierno paraguayo \u201cno tiene pruebas\u201d contra los acusados y que, en Uruguay, integrantes del PLRA se [&hellip;]<\/p>\n","protected":false},"author":1,"featured_media":1797,"comment_status":"closed","ping_status":"closed","sticky":false,"template":"","format":"standard","meta":{"footnotes":""},"categories":[14],"tags":[],"class_list":["post-1796","post","type-post","status-publish","format-standard","has-post-thumbnail","hentry","category-entertainment"],"_links":{"self":[{"href":"https:\/\/ciudadliberal.cl\/index.php?rest_route=\/wp\/v2\/posts\/1796","targetHints":{"allow":["GET"]}}],"collection":[{"href":"https:\/\/ciudadliberal.cl\/index.php?rest_route=\/wp\/v2\/posts"}],"about":[{"href":"https:\/\/ciudadliberal.cl\/index.php?rest_route=\/wp\/v2\/types\/post"}],"author":[{"embeddable":true,"href":"https:\/\/ciudadliberal.cl\/index.php?rest_route=\/wp\/v2\/users\/1"}],"replies":[{"embeddable":true,"href":"https:\/\/ciudadliberal.cl\/index.php?rest_route=%2Fwp%2Fv2%2Fcomments&post=1796"}],"version-history":[{"count":1,"href":"https:\/\/ciudadliberal.cl\/index.php?rest_route=\/wp\/v2\/posts\/1796\/revisions"}],"predecessor-version":[{"id":1798,"href":"https:\/\/ciudadliberal.cl\/index.php?rest_route=\/wp\/v2\/posts\/1796\/revisions\/1798"}],"wp:featuredmedia":[{"embeddable":true,"href":"https:\/\/ciudadliberal.cl\/index.php?rest_route=\/wp\/v2\/media\/1797"}],"wp:attachment":[{"href":"https:\/\/ciudadliberal.cl\/index.php?rest_route=%2Fwp%2Fv2%2Fmedia&parent=1796"}],"wp:term":[{"taxonomy":"category","embeddable":true,"href":"https:\/\/ciudadliberal.cl\/index.php?rest_route=%2Fwp%2Fv2%2Fcategories&post=1796"},{"taxonomy":"post_tag","embeddable":true,"href":"https:\/\/ciudadliberal.cl\/index.php?rest_route=%2Fwp%2Fv2%2Ftags&post=1796"}],"curies":[{"name":"wp","href":"https:\/\/api.w.org\/{rel}","templated":true}]}}