{"id":1793,"date":"2017-07-04T00:41:25","date_gmt":"2017-07-04T04:41:25","guid":{"rendered":"https:\/\/ciudadliberal.cl\/?p=1793"},"modified":"2017-07-04T00:41:25","modified_gmt":"2017-07-04T04:41:25","slug":"alvaro-sanhueza-de-amplitud-deberia-prohibirse-la-construccion-en-el-borde-costero-de-vina-del-mar","status":"publish","type":"post","link":"https:\/\/ciudadliberal.cl\/?p=1793","title":{"rendered":"\u00c1lvaro Sanhueza de Amplitud: \u201cDeber\u00eda prohibirse la construcci\u00f3n en el borde costero de Vi\u00f1a del Mar\u201d"},"content":{"rendered":"<p>ras recorrer diferentes sectores de <strong>Vi\u00f1a del Mar y Valpara\u00edso<\/strong>, el candidato a diputado de <strong>Amplitud<\/strong> por la Regi\u00f3n de Valpara\u00edso Costa, <strong>\u00c1lvaro Sanhueza<\/strong>, solicit\u00f3 a las autoridades regionales acelerar la ayuda para los vecinos y comerciantes afectados por las intensas marejadas del fin de semana.<\/p>\n<p><strong>\u00abRecorr\u00ed el borde costero de Vi\u00f1a del Mar y la destrucci\u00f3n es impresionante. Creo que es el momento que las autoridades definitivamente se pongan las pilas y den soluciones a esta situaci\u00f3n, y as\u00ed evitar que las futuras marejadas generen este nivel de destrozos\u00bb<\/strong>, asegur\u00f3 el representante del partido de oposici\u00f3n.<\/p>\n<p>Una de las cosas que m\u00e1s le llam\u00f3 la atenci\u00f3n a <strong>\u00c1lvaro Sanhueza<\/strong> es que, a pesar de que este fen\u00f3meno afecta a la regi\u00f3n todos los a\u00f1os, las inmobiliarias siguen construyendo muy cerca del mar.<\/p>\n<p><strong>\u00abHay gente, empresarios y empresas, que siguen construyendo sobre el borde costero, esto deber\u00eda definitivamente prohibirse. Parece que nadie fiscaliza esta situaci\u00f3n (&#8230;) Es imperativo que se tome una decisi\u00f3n por el bien de la gente, de la comunidad y el turismo\u00bb<\/strong>, enfatiz\u00f3 el periodista.<\/p>\n<p>Por \u00faltimo, \u00c1lvaro Sanhueza asegur\u00f3 que<strong> \u00abtoma mucha fuerza lo que plantea nuestra senadora, Lily P\u00e9rez, de crear un Ministerio del Mar, para que una instituci\u00f3n especializada aborde estas problem\u00e1ticas\u00bb.<\/strong><\/p>\n<p>Fuente: http:\/\/www.puranoticia.cl\/noticias\/regiones\/alvaro-sanhueza-de-amplitud-deberia-prohibirse-la-construccion-en-el\/2017-06-29\/185929.html<\/p>\n","protected":false},"excerpt":{"rendered":"<p>ras recorrer diferentes sectores de Vi\u00f1a del Mar y Valpara\u00edso, el candidato a diputado de Amplitud por la Regi\u00f3n de Valpara\u00edso Costa, \u00c1lvaro Sanhueza, solicit\u00f3 a las autoridades regionales acelerar la ayuda para los vecinos y comerciantes afectados por las intensas marejadas del fin de semana. \u00abRecorr\u00ed el borde costero de Vi\u00f1a del Mar y [&hellip;]<\/p>\n","protected":false},"author":1,"featured_media":1794,"comment_status":"closed","ping_status":"closed","sticky":false,"template":"","format":"standard","meta":{"footnotes":""},"categories":[7],"tags":[],"class_list":["post-1793","post","type-post","status-publish","format-standard","has-post-thumbnail","hentry","category-noticias-liberales"],"_links":{"self":[{"href":"https:\/\/ciudadliberal.cl\/index.php?rest_route=\/wp\/v2\/posts\/1793","targetHints":{"allow":["GET"]}}],"collection":[{"href":"https:\/\/ciudadliberal.cl\/index.php?rest_route=\/wp\/v2\/posts"}],"about":[{"href":"https:\/\/ciudadliberal.cl\/index.php?rest_route=\/wp\/v2\/types\/post"}],"author":[{"embeddable":true,"href":"https:\/\/ciudadliberal.cl\/index.php?rest_route=\/wp\/v2\/users\/1"}],"replies":[{"embeddable":true,"href":"https:\/\/ciudadliberal.cl\/index.php?rest_route=%2Fwp%2Fv2%2Fcomments&post=1793"}],"version-history":[{"count":1,"href":"https:\/\/ciudadliberal.cl\/index.php?rest_route=\/wp\/v2\/posts\/1793\/revisions"}],"predecessor-version":[{"id":1795,"href":"https:\/\/ciudadliberal.cl\/index.php?rest_route=\/wp\/v2\/posts\/1793\/revisions\/1795"}],"wp:featuredmedia":[{"embeddable":true,"href":"https:\/\/ciudadliberal.cl\/index.php?rest_route=\/wp\/v2\/media\/1794"}],"wp:attachment":[{"href":"https:\/\/ciudadliberal.cl\/index.php?rest_route=%2Fwp%2Fv2%2Fmedia&parent=1793"}],"wp:term":[{"taxonomy":"category","embeddable":true,"href":"https:\/\/ciudadliberal.cl\/index.php?rest_route=%2Fwp%2Fv2%2Fcategories&post=1793"},{"taxonomy":"post_tag","embeddable":true,"href":"https:\/\/ciudadliberal.cl\/index.php?rest_route=%2Fwp%2Fv2%2Ftags&post=1793"}],"curies":[{"name":"wp","href":"https:\/\/api.w.org\/{rel}","templated":true}]}}