{"id":1425,"date":"2017-05-30T01:43:43","date_gmt":"2017-05-30T05:43:43","guid":{"rendered":"https:\/\/ciudadliberal.cl\/?p=1425"},"modified":"2017-05-30T01:44:55","modified_gmt":"2017-05-30T05:44:55","slug":"andres-velasco-acusa-cargos-truchos-de-la-dictadura-venezolana-contra-braulio-jatar","status":"publish","type":"post","link":"https:\/\/ciudadliberal.cl\/?p=1425","title":{"rendered":"Andr\u00e9s Velasco acusa \u201ccargos truchos de la dictadura venezolana\u201d contra Braulio Jatar"},"content":{"rendered":"<p><strong>Andr\u00e9s Velasco se refiri\u00f3 al cambio de medidas cautelares de Braulio Jatar, quien ahora est\u00e1 cumpliendo arresto domiciliario, tras estar ocho meses en prisi\u00f3n en Venezuela.<\/strong><\/p>\n<p>El presidente del movimiento Ciudadanos celebr\u00f3 que \u201c<strong>Braulio Jatar est\u00e1 en casa. Ya no tememos por su vida\u201d.<\/strong><\/p>\n<p><strong>\u201cAhora dictadura venezolana debe levantar arresto domiciliario basado en cargos truchos\u201d, agreg\u00f3 el otrora ministro de Hacienda.<\/strong><\/p>\n<blockquote class=\"twitter-tweet\" data-width=\"550\" data-dnt=\"true\">\n<p lang=\"es\" dir=\"ltr\">Braulio Jatar est\u00e1 en casa. Ya no tememos x su vida. Ahora dictadura venezolana debe levantar arresto domiciliario basado n cargos truchos<\/p>\n<p>&mdash; Andr\u00e9s Velasco (@AndresVelasco) <a href=\"https:\/\/twitter.com\/AndresVelasco\/status\/867724569465020416?ref_src=twsrc%5Etfw\">May 25, 2017<\/a><\/p><\/blockquote>\n<p><script async src=\"https:\/\/platform.twitter.com\/widgets.js\" charset=\"utf-8\"><\/script><\/p>\n<p>Fuente: http:\/\/www.eldinamo.cl\/nacional\/2017\/05\/25\/andres-velasco-acusa-cargos-truchos-de-la-dictadura-venezolana-contra-braulio-jatar\/<\/p>\n<p>&nbsp;<\/p>\n","protected":false},"excerpt":{"rendered":"<p>Andr\u00e9s Velasco se refiri\u00f3 al cambio de medidas cautelares de Braulio Jatar, quien ahora est\u00e1 cumpliendo arresto domiciliario, tras estar ocho meses en prisi\u00f3n en Venezuela. El presidente del movimiento Ciudadanos celebr\u00f3 que \u201cBraulio Jatar est\u00e1 en casa. Ya no tememos por su vida\u201d. \u201cAhora dictadura venezolana debe levantar arresto domiciliario basado en cargos truchos\u201d, [&hellip;]<\/p>\n","protected":false},"author":1,"featured_media":266,"comment_status":"closed","ping_status":"closed","sticky":false,"template":"","format":"standard","meta":{"footnotes":""},"categories":[7,2],"tags":[],"class_list":["post-1425","post","type-post","status-publish","format-standard","has-post-thumbnail","hentry","category-noticias-liberales","category-portada"],"_links":{"self":[{"href":"https:\/\/ciudadliberal.cl\/index.php?rest_route=\/wp\/v2\/posts\/1425","targetHints":{"allow":["GET"]}}],"collection":[{"href":"https:\/\/ciudadliberal.cl\/index.php?rest_route=\/wp\/v2\/posts"}],"about":[{"href":"https:\/\/ciudadliberal.cl\/index.php?rest_route=\/wp\/v2\/types\/post"}],"author":[{"embeddable":true,"href":"https:\/\/ciudadliberal.cl\/index.php?rest_route=\/wp\/v2\/users\/1"}],"replies":[{"embeddable":true,"href":"https:\/\/ciudadliberal.cl\/index.php?rest_route=%2Fwp%2Fv2%2Fcomments&post=1425"}],"version-history":[{"count":1,"href":"https:\/\/ciudadliberal.cl\/index.php?rest_route=\/wp\/v2\/posts\/1425\/revisions"}],"predecessor-version":[{"id":1426,"href":"https:\/\/ciudadliberal.cl\/index.php?rest_route=\/wp\/v2\/posts\/1425\/revisions\/1426"}],"wp:featuredmedia":[{"embeddable":true,"href":"https:\/\/ciudadliberal.cl\/index.php?rest_route=\/wp\/v2\/media\/266"}],"wp:attachment":[{"href":"https:\/\/ciudadliberal.cl\/index.php?rest_route=%2Fwp%2Fv2%2Fmedia&parent=1425"}],"wp:term":[{"taxonomy":"category","embeddable":true,"href":"https:\/\/ciudadliberal.cl\/index.php?rest_route=%2Fwp%2Fv2%2Fcategories&post=1425"},{"taxonomy":"post_tag","embeddable":true,"href":"https:\/\/ciudadliberal.cl\/index.php?rest_route=%2Fwp%2Fv2%2Ftags&post=1425"}],"curies":[{"name":"wp","href":"https:\/\/api.w.org\/{rel}","templated":true}]}}