{"id":11376,"date":"2025-01-06T15:56:32","date_gmt":"2025-01-06T19:56:32","guid":{"rendered":"https:\/\/ciudadliberal.cl\/?p=11376"},"modified":"2025-01-06T15:56:34","modified_gmt":"2025-01-06T19:56:34","slug":"lideres-europeos-critican-a-musk-por-entrometerse-en-la-politica-de-otros-paises","status":"publish","type":"post","link":"https:\/\/ciudadliberal.cl\/?p=11376","title":{"rendered":"L\u00edderes europeos critican a Musk por \u00abentrometerse\u00bb en la pol\u00edtica de otros pa\u00edses"},"content":{"rendered":"\n<p>El magnate estadounidense calific\u00f3 de \u00abtirano\u00bb y \u00abtonto incompetente\u00bb al presidente de Alemania y a su canciller tras el atentado en Magdeburgo.<\/p>\n\n\n\n<p><strong>L\u00edderes de pa\u00edses europeos como Francia, Reino Unido y Noruega<\/strong>&nbsp;criticaron al magnate estadounidense&nbsp;<strong>Elon Musk por \u00abentrometerse\u00bb e incluso \u00abinterferir\u00bb<\/strong>&nbsp;<strong>en la pol\u00edtica interna de naciones vecinas&nbsp;<\/strong>este lunes.<\/p>\n\n\n\n<p>Musk -fundador de la&nbsp;<strong>empresa tecnol\u00f3gica Tesla<\/strong>&nbsp;y due\u00f1o de la&nbsp;<strong>red social X-<\/strong>&nbsp;caus\u00f3 pol\u00e9mica los \u00faltimos d\u00edas debido a sus ofensas contra figuras pol\u00edticas de Alemania, como el presidente&nbsp;<strong>Frank-Walter Steinmeier&nbsp;<\/strong>y el canciller&nbsp;<strong>Olaf Scholz.<\/strong><\/p>\n\n\n\n<p><a href=\"https:\/\/www.cooperativa.cl\/noticias\/mundo\/alemania\/aumentan-a-cinco-los-fallecidos-por-atropello-masivo-en-feria-navidena\/2024-12-21\/103408.html\">Tras el atentado ocurrido en&nbsp;<\/a><strong><a href=\"https:\/\/www.cooperativa.cl\/noticias\/mundo\/alemania\/aumentan-a-cinco-los-fallecidos-por-atropello-masivo-en-feria-navidena\/2024-12-21\/103408.html\">Magdeburgo el 20 de diciembre,<\/a>&nbsp;<\/strong>el multimillonario tecnol\u00f3gico&nbsp;escribi\u00f3 en X&nbsp;<strong>que Scholz deb\u00eda \u00abdimitir inmediatamente\u00bb<\/strong>&nbsp;y que era un&nbsp;<strong>\u00abtonto incompetente\u00bb.<\/strong><\/p>\n\n\n\n<p>Asimismo, Musk&nbsp;<strong>calific\u00f3 a Steinmeier de \u00abtirano antidemocr\u00e1tico\u00bb,<\/strong>&nbsp;despu\u00e9s de que \u00e9ste se pronunciara&nbsp;<strong>en contra de la influencia exterior<\/strong>&nbsp;durante un discurso sobre la disoluci\u00f3n del Bundestag o C\u00e1mara Baja.<\/p>\n\n\n\n<p>Tras ello,&nbsp;<strong>los pol\u00edticos alemanes acusaron al magnate&nbsp;<a href=\"https:\/\/www.cooperativa.cl\/noticias\/mundo\/alemania\/presidente-aleman-disolvio-parlamento-y-confirmo-elecciones-el-23-de\/2024-12-27\/104218.html\">de injerencia<\/a><\/strong><a href=\"https:\/\/www.cooperativa.cl\/noticias\/mundo\/alemania\/presidente-aleman-disolvio-parlamento-y-confirmo-elecciones-el-23-de\/2024-12-27\/104218.html\">&nbsp;en la campa\u00f1a electoral de su pa\u00eds,<\/a>&nbsp;adem\u00e1s de apoyar p\u00fablicamente al partido ultraderechista&nbsp;<strong>Alternativa para Alemania<\/strong>&nbsp;<strong>(AfD).&nbsp;<\/strong>En efecto,&nbsp;Musk la considera como&nbsp;<strong>la \u00ab\u00fanica\u00bb fuerza<\/strong>&nbsp;<strong>que puede \u00absalvar\u00bb a esa naci\u00f3n<\/strong>&nbsp;y a cuya l\u00edder,&nbsp;<strong>Alice Weidel,&nbsp;<\/strong>entrevistar\u00e1 en X este jueves.<\/p>\n\n\n\n<h2 class=\"wp-block-heading\"><strong><em>\u00abEs preocupante que se meta de forma tan directa\u00bb<\/em><\/strong><\/h2>\n\n\n\n<p>En este escenario, el primer ministro noruego,<strong>&nbsp;Jonas Gahr St\u00f8re<\/strong>, se mostr\u00f3 preocupado por los recientes comentarios del multimillonario tecnol\u00f3gico.<\/p>\n\n\n\n<p>\u00abCreo que&nbsp;<strong>es preocupante que un hombre con un acceso enorme a las redes sociales<\/strong>&nbsp;y grandes recursos econ\u00f3micos&nbsp;<strong>se meta de forma tan directa<\/strong>&nbsp;en los asuntos internos de otros pa\u00edses. No es as\u00ed como deber\u00eda ser entre democracias y aliados\u00bb, dijo St\u00f8re a la televisi\u00f3n p\u00fablica noruega&nbsp;<em>NRK<\/em>.<\/p>\n\n\n\n<p>\u00abSi vi\u00e9ramos algo as\u00ed en Noruega,&nbsp;<strong>espero y supongo que una clase pol\u00edtica noruega unida advierta y condene eso\u00bb,<\/strong>&nbsp;dijo St\u00f8re sobre una hipot\u00e9tica injerencia del magnate en la campa\u00f1a electoral de este pa\u00eds escandinavo, que celebrar\u00e1 comicios generales el pr\u00f3ximo&nbsp;<strong>8 de septiembre.<\/strong><\/p>\n\n\n\n<p>Por su parte, el presidente de Francia,&nbsp;<strong>Emmanuel Macron, fue m\u00e1s all\u00e1 y acus\u00f3 a Musk de&nbsp;\u00abapoyar una nueva internacional reaccionaria\u00bb.<\/strong><\/p>\n\n\n\n<p>\u00ab\u00bfQui\u00e9n se habr\u00eda imaginado hace 10 a\u00f1os&nbsp;que el propietario de una de las mayores redes sociales del mundo&nbsp;<strong>apoyar\u00eda una nueva internacional reaccionaria e intervendr\u00eda directamente en elecciones, incluida Alemania?\u00bb,&nbsp;<\/strong>se pregunt\u00f3 durante un discurso ante la conferencia anual de embajadores franceses.<\/p>\n\n\n\n<p>Asimismo, Macron se\u00f1al\u00f3&nbsp;<strong>que hay \u00abuna internacional de reaccionarios\u00bb que representa a \u00abgrandes intereses financieros privados\u00bb&nbsp;<\/strong>y<strong>&nbsp;<\/strong>que aprovecha que \u00abnuestras democracias liberales no han sido suficientemente eficaces\u00bb en la protecci\u00f3n de la clase media.<\/p>\n\n\n\n<p><strong>\u00abDebemos conseguir una agenda de defensa de la democracia\u00bb,<\/strong>&nbsp;con contrapoderes, a\u00f1adi\u00f3, y tambi\u00e9n advirti\u00f3 que las grandes empresas tecnol\u00f3gicas, a la vez que ofrecen nuevas posibilidades,&nbsp;<strong>tambi\u00e9n est\u00e1n haciendo que los Estados se sientan amenazados por su creciente poder.<\/strong><\/p>\n\n\n\n<h2 class=\"wp-block-heading\"><em><strong>Starmer defendi\u00f3 a su secretaria de Estado tras comentarios de Musk<\/strong><\/em><\/h2>\n\n\n\n<p>Por \u00faltimo, el primer ministro del Reino Unido,&nbsp;<strong>Keir Starmer,<\/strong>&nbsp;defendi\u00f3 este lunes a la secretaria de Estado brit\u00e1nica&nbsp;<strong>Jess Phillips<\/strong>&nbsp;de quienes&nbsp;<strong>\u00abpropagan mentiras y desinformaci\u00f3n\u00bb,<\/strong>&nbsp;en referencia a los ataques verbales del fundador de Tesla a su colega.<\/p>\n\n\n\n<p>Entre otras cosas, Musk manifest\u00f3 que&nbsp;<strong>se deber\u00eda \u00abencarcelar\u00bb a Phillips por su respuesta ante las bandas<\/strong>&nbsp;que abusan sexualmente de ni\u00f1os en este pa\u00eds.&nbsp;<\/p>\n\n\n\n<p>Asimismo,&nbsp;la calific\u00f3 que una&nbsp;<strong>\u00abapologista del genocidio por violaci\u00f3n\u00bb<\/strong>&nbsp;y la llam\u00f3&nbsp;<strong>\u00abbruja malvada\u00bb;<\/strong>&nbsp;acusaciones que el titular brit\u00e1nico de Sanidad,&nbsp;<strong>Wes Streeting,<\/strong>&nbsp;calific\u00f3 el domingo de<strong>&nbsp;\u00abdifamaciones vergonzosas\u00bb.<\/strong><\/p>\n\n\n\n<p><strong>\u00abAquellos que propagan mentiras no est\u00e1n interesados en las v\u00edctimas\u00bb,&nbsp;<\/strong>arremeti\u00f3 Starmer, y afirm\u00f3 que&nbsp;<strong>Phillips&nbsp;\u00abha hecho mil veces m\u00e1s que lo que estos (internautas) podr\u00edan so\u00f1ar<\/strong>&nbsp;cuando se trata de proteger v\u00edctimas de abusos sexuales\u00bb.<\/p>\n\n\n\n<p><\/p>\n\n\n\n<p>V\u00eda: <a href=\"https:\/\/www.cooperativa.cl\/noticias\/mundo\/europa\/noruega\/lideres-europeos-critican-a-musk-por-entrometerse-en-la-politica-de\/2025-01-06\/113625.html\">Cooperativa<\/a><\/p>\n","protected":false},"excerpt":{"rendered":"<p>El magnate estadounidense calific\u00f3 de \u00abtirano\u00bb y \u00abtonto incompetente\u00bb al presidente de Alemania y a su canciller tras el atentado en Magdeburgo. L\u00edderes de pa\u00edses europeos como Francia, Reino Unido y Noruega&nbsp;criticaron al magnate estadounidense&nbsp;Elon Musk por \u00abentrometerse\u00bb e incluso \u00abinterferir\u00bb&nbsp;en la pol\u00edtica interna de naciones vecinas&nbsp;este lunes. Musk -fundador de la&nbsp;empresa tecnol\u00f3gica Tesla&nbsp;y due\u00f1o [&hellip;]<\/p>\n","protected":false},"author":1,"featured_media":11377,"comment_status":"closed","ping_status":"closed","sticky":false,"template":"","format":"standard","meta":{"footnotes":""},"categories":[14,2],"tags":[],"class_list":["post-11376","post","type-post","status-publish","format-standard","has-post-thumbnail","hentry","category-entertainment","category-portada"],"_links":{"self":[{"href":"https:\/\/ciudadliberal.cl\/index.php?rest_route=\/wp\/v2\/posts\/11376","targetHints":{"allow":["GET"]}}],"collection":[{"href":"https:\/\/ciudadliberal.cl\/index.php?rest_route=\/wp\/v2\/posts"}],"about":[{"href":"https:\/\/ciudadliberal.cl\/index.php?rest_route=\/wp\/v2\/types\/post"}],"author":[{"embeddable":true,"href":"https:\/\/ciudadliberal.cl\/index.php?rest_route=\/wp\/v2\/users\/1"}],"replies":[{"embeddable":true,"href":"https:\/\/ciudadliberal.cl\/index.php?rest_route=%2Fwp%2Fv2%2Fcomments&post=11376"}],"version-history":[{"count":1,"href":"https:\/\/ciudadliberal.cl\/index.php?rest_route=\/wp\/v2\/posts\/11376\/revisions"}],"predecessor-version":[{"id":11378,"href":"https:\/\/ciudadliberal.cl\/index.php?rest_route=\/wp\/v2\/posts\/11376\/revisions\/11378"}],"wp:featuredmedia":[{"embeddable":true,"href":"https:\/\/ciudadliberal.cl\/index.php?rest_route=\/wp\/v2\/media\/11377"}],"wp:attachment":[{"href":"https:\/\/ciudadliberal.cl\/index.php?rest_route=%2Fwp%2Fv2%2Fmedia&parent=11376"}],"wp:term":[{"taxonomy":"category","embeddable":true,"href":"https:\/\/ciudadliberal.cl\/index.php?rest_route=%2Fwp%2Fv2%2Fcategories&post=11376"},{"taxonomy":"post_tag","embeddable":true,"href":"https:\/\/ciudadliberal.cl\/index.php?rest_route=%2Fwp%2Fv2%2Ftags&post=11376"}],"curies":[{"name":"wp","href":"https:\/\/api.w.org\/{rel}","templated":true}]}}