{"id":11370,"date":"2025-01-04T14:38:16","date_gmt":"2025-01-04T18:38:16","guid":{"rendered":"https:\/\/ciudadliberal.cl\/?p=11370"},"modified":"2025-01-04T14:38:18","modified_gmt":"2025-01-04T18:38:18","slug":"boric-reafirma-soberania-chilena-desde-el-polo-sur","status":"publish","type":"post","link":"https:\/\/ciudadliberal.cl\/?p=11370","title":{"rendered":"Boric reafirma soberan\u00eda chilena desde el Polo Sur"},"content":{"rendered":"\n<p>La Ant\u00e1rtida alberga reservas de 511.000 millones de barriles de petr\u00f3leo, diez veces la producci\u00f3n del mar del Norte en 50 a\u00f1os, pero Chile se opone firmemente a la explotaci\u00f3n de recursos en el continente blanco.<\/p>\n\n\n\n<p><a href=\"https:\/\/www.facebook.com\/sharer\/sharer.php?u=https:\/\/p.dw.com\/p\/4ootP%3Fmaca%3Des-Facebook-sharing\" target=\"_blank\" rel=\"noreferrer noopener\"><\/a><a href=\"https:\/\/x.com\/intent\/tweet?source=webclient&amp;text=Boric%20reafirma%20soberan%C3%ADa%20chilena%20desde%20el%20Polo%20Sur+https:\/\/p.dw.com\/p\/4ootP%3Fmaca%3Des-Twitter-sharing\" target=\"_blank\" rel=\"noreferrer noopener\"><\/a><\/p>\n\n\n\n<p><strong>Publicidad<\/strong><\/p>\n\n\n\n<p>El presidente de Chile,&nbsp;<a href=\"https:\/\/www.dw.com\/es\/boric-gabriel\/t-39881303\">Gabriel Boric,<\/a>&nbsp;afirm\u00f3 este s\u00e1bado (04.10.2025) que su pa\u00eds \u00abratifica la pretensi\u00f3n soberana que tiene respecto al territorio ant\u00e1rtico\u00bb durante su viaje al Polo Sur, en la primera ocasi\u00f3n en que un jefe de Estado latinoamericano pisa ese punto del continente blanco.<\/p>\n\n\n\n<p>Boric arrib\u00f3 a la base Amundsen-Scott, de Estados Unidos, en el Polo Sur, poco antes de las 17H00 (20H00 GMT).\u00bb<\/p>\n\n\n\n<p>\u00abEstoy profundamente orgulloso de&nbsp;<a href=\"https:\/\/www.dw.com\/es\/chile\/t-17411731\">Chile,<\/a>&nbsp;de sus instituciones, del Estado, de las Fuerzas Armadas, porque venimos llegando de una operaci\u00f3n hist\u00f3rica. Hemos alcanzado durante el d\u00eda de ayer el Polo Sur con recursos propios\u00bb, subray\u00f3 el mandatario desde la Base A\u00e9rea Chabunco de Punta Arenas, en el extremo austral del pa\u00eds.&nbsp;<\/p>\n\n\n\n<h2 class=\"wp-block-heading\"><strong>Operaci\u00f3n Estrella Polar III<\/strong><\/h2>\n\n\n\n<p>En un esfuerzo denominado &#8216;Operaci\u00f3n Estrella Polar III&#8217; liderado por la Fuerza A\u00e9rea de Chile, en conjunto con las comandancias de las otras ramas castrenses, Boric lleg\u00f3 al Polo Sur con la ministra del Medio Ambiente, Misa Rojas, la titular de Defensa, Maya Fern\u00e1ndez, la subsecretaria de Relaciones Internacionales, Gloria de la Fuente, y el director del Instituto Ant\u00e1rtico Chileno, Gino Casassa, en lo que catalog\u00f3 como un \u00abhecho hist\u00f3rico\u00bb para la naci\u00f3n.&nbsp;<\/p>\n\n\n\n<p>La delegaci\u00f3n viaj\u00f3 desde Punta Arenas a la base Glaciar Uni\u00f3n en territorio ant\u00e1rtico en un avi\u00f3n H\u00e9rcules C-130. Desde all\u00ed se traslad\u00f3 a la base Amundsen-Scott en dos helic\u00f3pteros MH-60 Black Hawk y dos aviones DHC-6 Twin Otter de la Fuerza A\u00e9rea de Chile.<\/p>\n\n\n\n<p>Meses atr\u00e1s, el mandatario chileno ya viaj\u00f3 en compa\u00f1\u00eda del secretario general de la ONU, Ant\u00f3nio Guterres, a\u00a0<a href=\"https:\/\/www.dw.com\/es\/ant%C3%A1rtida\/t-40136119\">la Ant\u00e1rtida<\/a>\u00a0para alertar sobre las negativas consecuencias de la emergencia clim\u00e1tica.<\/p>\n\n\n\n<p><strong>\u00abChile, principal puerta de entrada a la Ant\u00e1rtica\u00bb<\/strong><\/p>\n\n\n\n<p>\u00abEsto es muy relevante para Chile en el sentido del ejercicio de la soberan\u00eda&nbsp;<a href=\"https:\/\/www.dw.com\/es\/una-vez-hubo-un-bosque-en-la-ant%C3%A1rtida-y-el-%C3%A1mbar-es-la-prueba\/a-70909625\">en la Ant\u00e1rtica.<\/a>&nbsp;Chile es uno de los siete pa\u00edses que reclama soberan\u00eda sobre la Ant\u00e1rtica y uno de los doce firmantes originales&nbsp;<a href=\"https:\/\/www.dw.com\/es\/reuni%C3%B3n-del-tratado-ant%C3%A1rtico-la-protecci%C3%B3n-de-la-ant%C3%A1rtida-es-clave-para-el-futuro-del-planeta\/a-61989826\">del Tratado Ant\u00e1rtico.<\/a>&nbsp;Chile es la principal puerta de entrada del mundo a la Ant\u00e1rtica, que es y seguir\u00e1 siendo un continente de ciencia y de paz\u00bb, declar\u00f3 el mandatario.&nbsp;<\/p>\n\n\n\n<p>\u00abLa pol\u00edtica ant\u00e1rtica de Chile es una pol\u00edtica de Estado, de largo plazo, y en tiempos turbulentos en la geopol\u00edtica internacional, donde en no tanto tiempo m\u00e1s se va a rediscutir el estatuto de la Ant\u00e1rtica, estos hitos y la presencia permanente del Estado de Chile, en las condiciones m\u00e1s extremas, es un antecedente esencial y relevante a la hora de discutir el futuro del continente blanco\u00bb, subray\u00f3.&nbsp;<\/p>\n\n\n\n<blockquote class=\"wp-block-quote is-layout-flow wp-block-quote-is-layout-flow\">\n<p><\/p>\n<\/blockquote>\n\n\n\n<p><strong>Preservar su biodiversidad<\/strong><\/p>\n\n\n\n<p>La visita busc\u00f3 destacar la investigaci\u00f3n cient\u00edfica en el llamado continente blanco y preservar su biodiversidad e integridad, amenazada por&nbsp;<a href=\"https:\/\/www.dw.com\/es\/chile-se-opone-firmemente-a-posible-explotaci%C3%B3n-petrolera-en-la-ant%C3%A1rtida\/a-69104566\">el apetito de la miner\u00eda internacional,<\/a>&nbsp;en particular de China, Rusia, Estados Unidos y Argentina.<\/p>\n\n\n\n<p>\u00abHay quienes insinuan que en la \u00c1ntartica podr\u00edan explotar recursos minerales o desregular otro tipo de industrias. Nosotros desde Chile, pa\u00eds ant\u00e1rtico por vocaci\u00f3n y excelencia, les decimos que no\u00bb, concluy\u00f3 el mandatario.&nbsp;<\/p>\n\n\n\n<p>Las reservas contendr\u00edan alrededor de 511.000 millones de barriles de petr\u00f3leo, lo que equivale a alrededor de diez veces la producci\u00f3n del mar del Norte en los \u00faltimos 50 a\u00f1os, de acuerdo con The Daily Telegraph.<\/p>\n\n\n\n<p>En 2007, la entonces primera ministra de Nueva Zelanda, Helen Clark, lleg\u00f3 al Polo Sur y lo mismo hizo en 2011 quien oficiaba como primer ministro de Noruega, Jens Stoltenberg. Esta \u00faltima visita se llev\u00f3 a cabo para conmemorar el centenario de la primera llegada al Polo Sur, lograda por cinco exploradores noruegos liderados por Roald Amundsen, el 14 de diciembre de 1911.<\/p>\n\n\n\n<p><strong>Tratado Ant\u00e1rtico<\/strong><\/p>\n\n\n\n<p>La Ant\u00e1rtida se rige por el&nbsp;<a href=\"https:\/\/www.dw.com\/es\/terraplanistas-admiten-su-error-tras-viajar-a-la-ant%C3%A1rtida-para-demostrar-que-la-tierra-no-es-redonda\/a-71111042\">Tratado Ant\u00e1rtico,<\/a>&nbsp;firmado por doce pa\u00edses en 1959, que establece que ning\u00fan pa\u00eds es propietario del territorio y lo designa como continente dedicado a la paz y la ciencia, prohibiendo desarrollos petroleros.<\/p>\n\n\n\n<p>El tratado tiene vigencia indefinida, pero desde 2048 las partes consultivas podr\u00e1n solicitar su revisi\u00f3n. Aunque varios pa\u00edses como Reino Unido, Argentina, Chile, Australia y Nueva Zelanda reclaman territorios ant\u00e1rticos, el continente no est\u00e1 gobernado por ninguna naci\u00f3n.<\/p>\n\n\n\n<p>Chile, que mantiene diez bases en la Ant\u00e1rtida, cinco gestionadas por el Instituto Ant\u00e1rtico Chileno y el resto por sus Fuerzas Armadas, ha concentrado hist\u00f3ricamente sus operaciones en el sector septentrional del continente ant\u00e1rtico, pero ahora busca expandirlas hasta sectores del mar de Bellinghausen y el mar de Weddel, que rodean la pen\u00ednsula.<\/p>\n\n\n\n<p><\/p>\n\n\n\n<p>V\u00eda: <a href=\"https:\/\/www.dw.com\/es\/en-hist%C3%B3rica-visita-al-polo-sur-boric-ratifica-pretensiones-soberanas-de-chile-en-la-ant%C3%A1rtida\/a-71217379\">DW<\/a><a href=\"whatsapp:\/\/send?text=Boric%20reafirma%20soberan%C3%ADa%20chilena%20desde%20el%20Polo%20Sur%20-%20https:\/\/p.dw.com\/p\/4ootP%3Fmaca%3Des-Whatsapp-sharing\" target=\"_blank\" rel=\"noreferrer noopener\"><\/a><a href=\"mailto:?body=https:\/\/p.dw.com\/p\/4ootP%3Fmaca%3Des-EMail-sharing&amp;subject=Boric%20reafirma%20soberan%C3%ADa%20chilena%20desde%20el%20Polo%20Sur\" target=\"_blank\" rel=\"noreferrer noopener\"><\/a><a href=\"https:\/\/meneame.net\/submit.php?url=https:\/\/p.dw.com\/p\/4ootP%3Fmaca%3Des-Meneame-sharing\" target=\"_blank\" rel=\"noreferrer noopener\"><\/a><a href=\"fb-messenger:\/\/share\/?link=https:\/\/p.dw.com\/p\/4ootP%3Fmaca%3Des-Facebook%20messenger-sharing\" target=\"_blank\" rel=\"noreferrer noopener\"><\/a><a href=\"https:\/\/www.linkedin.com\/shareArticle?mini=true&amp;url=https:\/\/p.dw.com\/p\/4ootP%3Fmaca%3Des-linkedin-sharing&amp;title=Boric%20reafirma%20soberan%C3%ADa%20chilena%20desde%20el%20Polo%20Sur&amp;source=DW.COM\" target=\"_blank\" rel=\"noreferrer noopener\"><\/a><a href=\"sms:?&amp;body=https:\/\/p.dw.com\/p\/4ootP%3Fmaca%3Des-SMS-sharing\" target=\"_blank\" rel=\"noreferrer noopener\"><\/a><\/p>\n","protected":false},"excerpt":{"rendered":"<p>La Ant\u00e1rtida alberga reservas de 511.000 millones de barriles de petr\u00f3leo, diez veces la producci\u00f3n del mar del Norte en 50 a\u00f1os, pero Chile se opone firmemente a la explotaci\u00f3n de recursos en el continente blanco. Publicidad El presidente de Chile,&nbsp;Gabriel Boric,&nbsp;afirm\u00f3 este s\u00e1bado (04.10.2025) que su pa\u00eds \u00abratifica la pretensi\u00f3n soberana que tiene respecto [&hellip;]<\/p>\n","protected":false},"author":1,"featured_media":11371,"comment_status":"closed","ping_status":"closed","sticky":false,"template":"","format":"standard","meta":{"footnotes":""},"categories":[14,2],"tags":[],"class_list":["post-11370","post","type-post","status-publish","format-standard","has-post-thumbnail","hentry","category-entertainment","category-portada"],"_links":{"self":[{"href":"https:\/\/ciudadliberal.cl\/index.php?rest_route=\/wp\/v2\/posts\/11370","targetHints":{"allow":["GET"]}}],"collection":[{"href":"https:\/\/ciudadliberal.cl\/index.php?rest_route=\/wp\/v2\/posts"}],"about":[{"href":"https:\/\/ciudadliberal.cl\/index.php?rest_route=\/wp\/v2\/types\/post"}],"author":[{"embeddable":true,"href":"https:\/\/ciudadliberal.cl\/index.php?rest_route=\/wp\/v2\/users\/1"}],"replies":[{"embeddable":true,"href":"https:\/\/ciudadliberal.cl\/index.php?rest_route=%2Fwp%2Fv2%2Fcomments&post=11370"}],"version-history":[{"count":1,"href":"https:\/\/ciudadliberal.cl\/index.php?rest_route=\/wp\/v2\/posts\/11370\/revisions"}],"predecessor-version":[{"id":11372,"href":"https:\/\/ciudadliberal.cl\/index.php?rest_route=\/wp\/v2\/posts\/11370\/revisions\/11372"}],"wp:featuredmedia":[{"embeddable":true,"href":"https:\/\/ciudadliberal.cl\/index.php?rest_route=\/wp\/v2\/media\/11371"}],"wp:attachment":[{"href":"https:\/\/ciudadliberal.cl\/index.php?rest_route=%2Fwp%2Fv2%2Fmedia&parent=11370"}],"wp:term":[{"taxonomy":"category","embeddable":true,"href":"https:\/\/ciudadliberal.cl\/index.php?rest_route=%2Fwp%2Fv2%2Fcategories&post=11370"},{"taxonomy":"post_tag","embeddable":true,"href":"https:\/\/ciudadliberal.cl\/index.php?rest_route=%2Fwp%2Fv2%2Ftags&post=11370"}],"curies":[{"name":"wp","href":"https:\/\/api.w.org\/{rel}","templated":true}]}}